{"id":5441,"date":"2021-07-12T20:17:27","date_gmt":"2021-07-12T20:17:27","guid":{"rendered":"http:\/\/www.radiolimari.cl\/?p=5441"},"modified":"2021-07-12T20:17:27","modified_gmt":"2021-07-12T20:17:27","slug":"seremi-de-la-mujer-region-de-coquimbo-entrega-ayuda-a-bomberas-de-monte-patria","status":"publish","type":"post","link":"https:\/\/www.radiolimari.cl\/?p=5441","title":{"rendered":"Seremi de la Mujer, Regi\u00f3n de Coquimbo entrega ayuda a bomberas de Monte Patria"},"content":{"rendered":"<p><a href=\"https:\/\/www.radiolimari.cl\/wp-content\/uploads\/2021\/07\/12.7-sernameg.jpg\"><img fetchpriority=\"high\" decoding=\"async\" class=\"alignnone size-medium wp-image-5442\" src=\"https:\/\/www.radiolimari.cl\/wp-content\/uploads\/2021\/07\/12.7-sernameg-300x224.jpg\" alt=\"12.7 sernameg\" width=\"300\" height=\"224\" srcset=\"https:\/\/www.radiolimari.cl\/wp-content\/uploads\/2021\/07\/12.7-sernameg-300x224.jpg 300w, https:\/\/www.radiolimari.cl\/wp-content\/uploads\/2021\/07\/12.7-sernameg-1024x766.jpg 1024w, https:\/\/www.radiolimari.cl\/wp-content\/uploads\/2021\/07\/12.7-sernameg.jpg 1280w\" sizes=\"(max-width: 300px) 100vw, 300px\" \/><\/a><\/p>\n<p>La seremi de la Mujer estuvo acompa\u00f1ada por la Directora Regional de SernamEG, Mar\u00eda Soledad Rojas, quienes conversaron con el Comandante del Cuerpo de Bomberos de Monte Patria, Juan Almonacid Lecaros <!--more--><\/p>\n<p>Contentos y agradecidos estaban los bomberos y bomberas de las 2 Compa\u00f1\u00eda del Cuerpo de Bomberos de El Palqui en Monte Patria tras la visita de la seremi de la Mujer y la Equidad de G\u00e9nero, Iv\u00f3n Guerra, quien conoci\u00f3 las nuevas dependencias del cuartel y aprovech\u00f3 la oportunidad para entregarles una donaci\u00f3n de ropa de cama y almohadas para bomberos, con especial \u00e9nfasis a las 4 mujeres que forman parte de la Compa\u00f1\u00eda.<\/p>\n<p>La seremi de la Mujer estuvo acompa\u00f1ada por la Directora Regional de SernamEG, Mar\u00eda Soledad Rojas, quienes conversaron con el Comandante del Cuerpo de Bomberos de Monte Patria, Juan Almonacid Lecaros y recorrieron las nuevas instalaciones del cuartel que tuvo una inversi\u00f3n cercana a los 400 millones de pesos y que esperan inaugurar el pr\u00f3ximo 05 de septiembre, fecha de aniversario de esta Compa\u00f1\u00eda de Bomberos.<\/p>\n<p>Hay que destacar, que la seremi de la Mujer, Iv\u00f3n Guerra es \u201cmadrina\u201d de esta Compa\u00f1\u00eda de Bomberos. Hace a\u00f1os atr\u00e1s Guerra \u00a0fue elegida por los mismos voluntarios y voluntarias como madrina por el constante apoyo a la Instituci\u00f3n<\/p>\n<p>La 2 Compa\u00f1\u00eda del Cuerpo de Bomberos de El Palqui se\u00a0 fund\u00f3 el 5 de septiembre de 1984 y cuenta con 25 voluntarios, siendo de ellos 4 mujeres.<\/p>\n<p>La Seremi de la Mujer, Iv\u00f3n Guerra valor\u00f3 el trabajo y compromiso de los bomberos y bomberas de Monte Patria, <strong>\u201clamentablemente no pude venir durante la semana de Aniversario de Bomberos cuando cumplieron los 170 a\u00f1os, pero hoy he querido visitarles para conocer su nuevo cuartel, con dependencias modernas y muy acordes a sus necesidades. Me llena de orgullo ver el desarrollo de cada hombre y mujer que compone esta Compa\u00f1\u00eda. Por otro lado, he dialogado con el Comandante para hacerle ver la importancia de la equidad de g\u00e9nero y respeto hacia las voluntarias al interior del Cuartel. El objetico es trabajar en conjunto y m\u00e1s adelante firmar un convenio de colaboraci\u00f3n entre ambas instituciones para avanzar en equidad de g\u00e9nero y protocolos anti-acosos. Esta Compa\u00f1\u00eda es un ejemplo.\u201d<\/strong><\/p>\n<p>Por su parte, \u00a0el Comandante del Cuerpo de Bomberos de El Palqui, Juan Almonacid agradeci\u00f3 el compromiso de Iv\u00f3n Guerra y manifest\u00f3, \u201c<strong>es bastante positivo que la autoridad se haga presente en una instituci\u00f3n como la nuestra y sobre todo que nos traiga ayuda para las bomberas porque nosotros queremos fortalecer la equidad y respeto de g\u00e9nero dentro del cuerpo de bomberos y eso es muy relevante\u201d<\/strong>. Respecto a los desaf\u00edos de la instituci\u00f3n, Almonacid, agreg\u00f3, <strong>\u201cqueremos a buscar nuevo carro origen americano, proyecto de un carro 0 kil\u00f3metro para renovaci\u00f3n de la Compa\u00f1\u00eda\u201d.<\/strong><\/p>\n<p>Finalmente, Mar\u00eda Soledad Rojas Pinto, Directora Regional del SernamEG, se\u00f1al\u00f3 \u201c<strong>estamos felices que poder visitar a la 2da Compa\u00f1\u00eda de Bomberos de Monte Patria, en el marco de su reciente aniversario n\u00famero 170. Nuestra visita se centra especialmente en el reconocimiento a las 4 mujeres voluntarias que aqu\u00ed se desempe\u00f1an, quienes a diario dan muestra de la importancia de la incorporaci\u00f3n de la mujer en todos los \u00e1mbitos, sobre todo en los sectores masculinizados. Agradecemos\u00a0 su trabajo, dedicaci\u00f3n y entrega\u201d, <\/strong>concluy\u00f3.<\/p>\n<p>&nbsp;<\/p>\n<p>&nbsp;<\/p>\n","protected":false},"excerpt":{"rendered":"<p>La seremi de la Mujer estuvo acompa\u00f1ada por la Directora Regional de SernamEG, Mar\u00eda Soledad Rojas, quienes conversaron con el Comandante del Cuerpo de Bomberos de Monte Patria, Juan Almonacid Lecaros<\/p>\n","protected":false},"author":2,"featured_media":5442,"comment_status":"open","ping_status":"open","sticky":false,"template":"","format":"standard","meta":{"footnotes":""},"categories":[6],"tags":[],"class_list":["post-5441","post","type-post","status-publish","format-standard","has-post-thumbnail","hentry","category-regionales"],"_links":{"self":[{"href":"https:\/\/www.radiolimari.cl\/index.php?rest_route=\/wp\/v2\/posts\/5441","targetHints":{"allow":["GET"]}}],"collection":[{"href":"https:\/\/www.radiolimari.cl\/index.php?rest_route=\/wp\/v2\/posts"}],"about":[{"href":"https:\/\/www.radiolimari.cl\/index.php?rest_route=\/wp\/v2\/types\/post"}],"author":[{"embeddable":true,"href":"https:\/\/www.radiolimari.cl\/index.php?rest_route=\/wp\/v2\/users\/2"}],"replies":[{"embeddable":true,"href":"https:\/\/www.radiolimari.cl\/index.php?rest_route=%2Fwp%2Fv2%2Fcomments&post=5441"}],"version-history":[{"count":1,"href":"https:\/\/www.radiolimari.cl\/index.php?rest_route=\/wp\/v2\/posts\/5441\/revisions"}],"predecessor-version":[{"id":5443,"href":"https:\/\/www.radiolimari.cl\/index.php?rest_route=\/wp\/v2\/posts\/5441\/revisions\/5443"}],"wp:featuredmedia":[{"embeddable":true,"href":"https:\/\/www.radiolimari.cl\/index.php?rest_route=\/wp\/v2\/media\/5442"}],"wp:attachment":[{"href":"https:\/\/www.radiolimari.cl\/index.php?rest_route=%2Fwp%2Fv2%2Fmedia&parent=5441"}],"wp:term":[{"taxonomy":"category","embeddable":true,"href":"https:\/\/www.radiolimari.cl\/index.php?rest_route=%2Fwp%2Fv2%2Fcategories&post=5441"},{"taxonomy":"post_tag","embeddable":true,"href":"https:\/\/www.radiolimari.cl\/index.php?rest_route=%2Fwp%2Fv2%2Ftags&post=5441"}],"curies":[{"name":"wp","href":"https:\/\/api.w.org\/{rel}","templated":true}]}}