{"id":5438,"date":"2021-07-12T20:00:53","date_gmt":"2021-07-12T20:00:53","guid":{"rendered":"http:\/\/www.radiolimari.cl\/?p=5438"},"modified":"2021-07-12T20:00:53","modified_gmt":"2021-07-12T20:00:53","slug":"hacen-llamado-a-la-poblacion-joven-de-ovalle-para-que-se-vacune-contra-el-covid-19","status":"publish","type":"post","link":"https:\/\/www.radiolimari.cl\/?p=5438","title":{"rendered":"Hacen llamado a la poblaci\u00f3n joven de Ovalle para que se vacune contra el Covid-19"},"content":{"rendered":"<p><a href=\"https:\/\/www.radiolimari.cl\/wp-content\/uploads\/2021\/07\/12.7-ovalle-Proceso-de-vacunaci\u00f3n-12-de-julio.jpg\"><img fetchpriority=\"high\" decoding=\"async\" class=\"alignnone size-medium wp-image-5439\" src=\"https:\/\/www.radiolimari.cl\/wp-content\/uploads\/2021\/07\/12.7-ovalle-Proceso-de-vacunaci\u00f3n-12-de-julio-300x168.jpg\" alt=\"12.7 ovalle Proceso de vacunaci\u00f3n 12 de julio\" width=\"300\" height=\"168\" srcset=\"https:\/\/www.radiolimari.cl\/wp-content\/uploads\/2021\/07\/12.7-ovalle-Proceso-de-vacunaci\u00f3n-12-de-julio-300x168.jpg 300w, https:\/\/www.radiolimari.cl\/wp-content\/uploads\/2021\/07\/12.7-ovalle-Proceso-de-vacunaci\u00f3n-12-de-julio-1024x576.jpg 1024w, https:\/\/www.radiolimari.cl\/wp-content\/uploads\/2021\/07\/12.7-ovalle-Proceso-de-vacunaci\u00f3n-12-de-julio.jpg 1920w\" sizes=\"(max-width: 300px) 100vw, 300px\" \/><\/a><\/p>\n<p><strong><em>Actualmente, la comuna registra uno de los \u00edndices m\u00e1s bajos de la regi\u00f3n de Coquimbo, en lo que respecta a la vacunaci\u00f3n. El 84% cuenta con la primera dosis y s\u00f3lo el 71% complet\u00f3 su ciclo de protecci\u00f3n, por lo que el alcalde Claudio Renter\u00eda hizo un llamado a inocularse sobretodo a la poblaci\u00f3n joven y a los rezagados mayores de 18 a\u00f1os.\u00a0 <\/em><\/strong><strong><em>\u00a0<\/em><\/strong><!--more--><\/p>\n<p>Si bien Ovalle maneja n\u00fameros positivos en cuanto al proceso de vacunaci\u00f3n, los \u00edndices son bajos si los comparamos con las dem\u00e1s comunas de la regi\u00f3n de Coquimbo.<\/p>\n<p>En cuanto a los \u00edndices por grupo etario, el 83% de las personas de 80 a\u00f1os y m\u00e1s y el 93% de la poblaci\u00f3n de entre 70 y 79 a\u00f1os ya se encuentran vacunadas con ambas dosis. Asimismo, el 95% de la poblaci\u00f3n de entre 60 y 69 a\u00f1os y el 91% de quienes tienen entre 50 y 59, ya complet\u00f3 su ciclo de protecci\u00f3n contra el Covid-19. En esta misma l\u00ednea el 85% de la poblaci\u00f3n objetivo de entre 40 y 49 a\u00f1os ya cuenta con ambas dosis o dosis \u00fanica (vacuna CANSINO), siendo el \u00edndice m\u00e1s negativo el de las personas de entre 18 y 39 a\u00f1os, que llega s\u00f3lo a un 76%. En lo que respecta a los adolescentes de entre los 12 y 17 a\u00f1os, hasta la fecha un 24% ha asistido a vacunarse.<\/p>\n<p>Es por esto, que el alcalde de Ovalle, Claudio Renter\u00eda hizo un llamado a la comunidad a asistir al Estadio Municipal Diaguita y solicitar su vacuna. \u201cEs muy importante que nos vacunemos y nos protejamos del Covid-19. Hemos dispuesto nuestros equipos, quienes han trabajado intensamente desde que se inici\u00f3 el proceso de vacunaci\u00f3n. Por eso, queremos que la poblaci\u00f3n m\u00e1s joven y los que integran la \u201cpoblaci\u00f3n rezagada\u201d se vacunen y de esta forma incrementemos nuestros \u00edndices como comuna y contribuyamos con los n\u00fameros de la regi\u00f3n de Coquimbo\u201d indic\u00f3 el alcalde de Ovalle, Claudio Renter\u00eda.<\/p>\n<p>Recordemos, que desde el jueves 15 de julio las regiones que tengan al menos el 80% de la poblaci\u00f3n vacunada y tenga una tasa menor de 150 casos por 100 mil habitantes modificar\u00e1n su horario de toque de queda, desde las 00.00 horas hasta las 5 de la madrugada, hecho que est\u00e1 lejano a\u00fan para la regi\u00f3n de Coquimbo, ya que s\u00f3lo el 75% de la poblaci\u00f3n objetivo cuenta con su esquema de vacunaci\u00f3n completo.<\/p>\n<p>&nbsp;<\/p>\n<p><strong>Vacunaci\u00f3n semana del 12 al 15 de julio<\/strong><\/p>\n<p>El Estadio Municipal Diaguita se encuentra habilitado como centro de vacunaci\u00f3n de lunes a jueves de 9.00 a 16.00 horas y los viernes de 9.00 a 15.00 horas. Durante esta semana, se estar\u00e1 vacunando a los j\u00f3venes de entre 15 y 17 a\u00f1os, a la poblaci\u00f3n rezagada mayor de 18 a\u00f1os y a quienes se inocularon con la primera dosis entre el 14 y 20 de junio. A ellos se suman, los adolescentes entre los 12 y 17 a\u00f1os de centros del Sename, centro de colaboradores del Sename, centro de atenci\u00f3n de salud mental y quienes presentan comorbilidades espec\u00edficas, que est\u00e1s especificadas en la p\u00e1gina web del ministerio de Salud <a href=\"http:\/\/www.minsal.cl\">www.minsal.cl<\/a><\/p>\n<p>&nbsp;<\/p>\n<p>&nbsp;<\/p>\n","protected":false},"excerpt":{"rendered":"<p>Actualmente, la comuna registra uno de los \u00edndices m\u00e1s bajos de la regi\u00f3n de Coquimbo, en lo que respecta a la vacunaci\u00f3n. El 84% cuenta con la primera dosis y s\u00f3lo el 71% complet\u00f3 su ciclo de protecci\u00f3n, por lo que el alcalde Claudio Renter\u00eda hizo un llamado a inocularse sobretodo a la poblaci\u00f3n joven &#8230;<\/p>\n","protected":false},"author":2,"featured_media":5439,"comment_status":"open","ping_status":"open","sticky":false,"template":"","format":"standard","meta":{"footnotes":""},"categories":[5],"tags":[],"class_list":["post-5438","post","type-post","status-publish","format-standard","has-post-thumbnail","hentry","category-actualidad-limarina"],"_links":{"self":[{"href":"https:\/\/www.radiolimari.cl\/index.php?rest_route=\/wp\/v2\/posts\/5438","targetHints":{"allow":["GET"]}}],"collection":[{"href":"https:\/\/www.radiolimari.cl\/index.php?rest_route=\/wp\/v2\/posts"}],"about":[{"href":"https:\/\/www.radiolimari.cl\/index.php?rest_route=\/wp\/v2\/types\/post"}],"author":[{"embeddable":true,"href":"https:\/\/www.radiolimari.cl\/index.php?rest_route=\/wp\/v2\/users\/2"}],"replies":[{"embeddable":true,"href":"https:\/\/www.radiolimari.cl\/index.php?rest_route=%2Fwp%2Fv2%2Fcomments&post=5438"}],"version-history":[{"count":1,"href":"https:\/\/www.radiolimari.cl\/index.php?rest_route=\/wp\/v2\/posts\/5438\/revisions"}],"predecessor-version":[{"id":5440,"href":"https:\/\/www.radiolimari.cl\/index.php?rest_route=\/wp\/v2\/posts\/5438\/revisions\/5440"}],"wp:featuredmedia":[{"embeddable":true,"href":"https:\/\/www.radiolimari.cl\/index.php?rest_route=\/wp\/v2\/media\/5439"}],"wp:attachment":[{"href":"https:\/\/www.radiolimari.cl\/index.php?rest_route=%2Fwp%2Fv2%2Fmedia&parent=5438"}],"wp:term":[{"taxonomy":"category","embeddable":true,"href":"https:\/\/www.radiolimari.cl\/index.php?rest_route=%2Fwp%2Fv2%2Fcategories&post=5438"},{"taxonomy":"post_tag","embeddable":true,"href":"https:\/\/www.radiolimari.cl\/index.php?rest_route=%2Fwp%2Fv2%2Ftags&post=5438"}],"curies":[{"name":"wp","href":"https:\/\/api.w.org\/{rel}","templated":true}]}}