{"id":5432,"date":"2021-07-12T15:45:20","date_gmt":"2021-07-12T15:45:20","guid":{"rendered":"http:\/\/www.radiolimari.cl\/?p=5432"},"modified":"2021-07-12T15:45:20","modified_gmt":"2021-07-12T15:45:20","slug":"conaf-anuncia-reapertura-gradual-de-parques-reservas-y-monumentos-en-la-region-de-coquimbo","status":"publish","type":"post","link":"https:\/\/www.radiolimari.cl\/?p=5432","title":{"rendered":"Conaf Anuncia reapertura gradual de Parques, Reservas y Monumentos en la Regi\u00f3n de Coquimbo"},"content":{"rendered":"<p><a href=\"https:\/\/www.radiolimari.cl\/wp-content\/uploads\/2021\/07\/RIO-HURTADO-DINOSAURIO.jpg\"><img fetchpriority=\"high\" decoding=\"async\" class=\"alignnone size-medium wp-image-5433\" src=\"https:\/\/www.radiolimari.cl\/wp-content\/uploads\/2021\/07\/RIO-HURTADO-DINOSAURIO-300x167.jpg\" alt=\"RIO HURTADO- DINOSAURIO\" width=\"300\" height=\"167\" srcset=\"https:\/\/www.radiolimari.cl\/wp-content\/uploads\/2021\/07\/RIO-HURTADO-DINOSAURIO-300x167.jpg 300w, https:\/\/www.radiolimari.cl\/wp-content\/uploads\/2021\/07\/RIO-HURTADO-DINOSAURIO-1024x572.jpg 1024w\" sizes=\"(max-width: 300px) 100vw, 300px\" \/><\/a><\/p>\n<p><span style=\"color: #222222;\">El primero en abrir sus puertas al p\u00fablico, ser\u00e1 el Parque Nacional Bosque Fray Jorge en la comuna de Ovalle, previsto para este martes 13 de julio<\/span><!--more--><\/p>\n<p style=\"font-weight: 400;\">Conaf regi\u00f3n de Coquimbo anuncia para este mes de julio, la reapertura gradual de los parques, reservas y monumentos administrados por la Corporaci\u00f3n en la regi\u00f3n de Coquimbo, con capacidad m\u00e1xima de carga e sus aforos, seg\u00fan el informe entregado por la Ministra de Agricultura, Mar\u00eda Emilia Undurraga, sobre las nuevas medidas del plan Paso a Paso.<\/p>\n<p style=\"font-weight: 400;\">El primero en abrir sus puertas al p\u00fablico, ser\u00e1 el Parque Nacional Bosque Fray Jorge, previsto para este martes 13 de julio, desde las 8:30 hrs. hasta las 15:00 hrs. ingreso permitido y el cierre del parque ser\u00e1 a las 17:30 hrs. Desde Conaf se informa que esta y todas sus unidades, abrir\u00e1n de martes a viernes, respetando las medidas de la autoridad sanitaria y las fases que establezca el Minsal para cada comuna.<\/p>\n<p style=\"font-weight: 400;\">Eduardo Rodr\u00edguez, director regional de Conaf Coquimbo, se\u00f1al\u00f3 que \u201cdurante el mes de julio se van a abrir las \u00c1reas Silvestres Protegidas (ASP) de la regi\u00f3n, consecuentes con las instrucciones que da el plan Paso a Paso del gobierno, que es que las ASP, incluso en cuarentena, no presentan aforos, por tanto estamos a plena capacidad\u201d, sostuvo Rodr\u00edguez quien adem\u00e1s recalca que para adquirir entradas \u201cdeben ingresar al sitio web\u00a0<a href=\"http:\/\/www.aspticket.cl\/\" data-saferedirecturl=\"https:\/\/www.google.com\/url?q=http:\/\/www.aspticket.cl&amp;source=gmail&amp;ust=1626190642639000&amp;usg=AFQjCNF984jdg476jkR7sj_VGEXimcpfHA\">www.aspticket.cl<\/a>\u00a0para poder adquirir online las entradas\u201d.<\/p>\n<p style=\"font-weight: 400;\">Desde Conaf, informan que en el caso de la Reserva Nacional las Chinchillas, de no haber variaciones en el plan Paso a Paso, sus puertas abrir\u00e1n al p\u00fablico el pr\u00f3ximo 27 de julio de martes a viernes. Para la Reserva Nacional Ping\u00fcino de Humboldt en la comuna de La Higuera y el Monumento Natural Pichasca en R\u00edo Hurtado; a\u00fan no hay fecha de apertura debido a temas externos a la corporaci\u00f3n sin embargo estiman que ambas puedan sumarse a la apertura gradual del mes de julio.<\/p>\n<p>&nbsp;<\/p>\n","protected":false},"excerpt":{"rendered":"<p>El primero en abrir sus puertas al p\u00fablico, ser\u00e1 el Parque Nacional Bosque Fray Jorge en la comuna de Ovalle, previsto para este martes 13 de julio<\/p>\n","protected":false},"author":2,"featured_media":4765,"comment_status":"open","ping_status":"open","sticky":false,"template":"","format":"standard","meta":{"footnotes":""},"categories":[3],"tags":[],"class_list":["post-5432","post","type-post","status-publish","format-standard","has-post-thumbnail","hentry","category-actualidad"],"_links":{"self":[{"href":"https:\/\/www.radiolimari.cl\/index.php?rest_route=\/wp\/v2\/posts\/5432","targetHints":{"allow":["GET"]}}],"collection":[{"href":"https:\/\/www.radiolimari.cl\/index.php?rest_route=\/wp\/v2\/posts"}],"about":[{"href":"https:\/\/www.radiolimari.cl\/index.php?rest_route=\/wp\/v2\/types\/post"}],"author":[{"embeddable":true,"href":"https:\/\/www.radiolimari.cl\/index.php?rest_route=\/wp\/v2\/users\/2"}],"replies":[{"embeddable":true,"href":"https:\/\/www.radiolimari.cl\/index.php?rest_route=%2Fwp%2Fv2%2Fcomments&post=5432"}],"version-history":[{"count":1,"href":"https:\/\/www.radiolimari.cl\/index.php?rest_route=\/wp\/v2\/posts\/5432\/revisions"}],"predecessor-version":[{"id":5434,"href":"https:\/\/www.radiolimari.cl\/index.php?rest_route=\/wp\/v2\/posts\/5432\/revisions\/5434"}],"wp:featuredmedia":[{"embeddable":true,"href":"https:\/\/www.radiolimari.cl\/index.php?rest_route=\/wp\/v2\/media\/4765"}],"wp:attachment":[{"href":"https:\/\/www.radiolimari.cl\/index.php?rest_route=%2Fwp%2Fv2%2Fmedia&parent=5432"}],"wp:term":[{"taxonomy":"category","embeddable":true,"href":"https:\/\/www.radiolimari.cl\/index.php?rest_route=%2Fwp%2Fv2%2Fcategories&post=5432"},{"taxonomy":"post_tag","embeddable":true,"href":"https:\/\/www.radiolimari.cl\/index.php?rest_route=%2Fwp%2Fv2%2Ftags&post=5432"}],"curies":[{"name":"wp","href":"https:\/\/api.w.org\/{rel}","templated":true}]}}