{"id":5409,"date":"2021-07-07T15:23:04","date_gmt":"2021-07-07T15:23:04","guid":{"rendered":"http:\/\/www.radiolimari.cl\/?p=5409"},"modified":"2021-07-07T15:23:04","modified_gmt":"2021-07-07T15:23:04","slug":"asistentes-de-la-educacion-de-ovalle-se-certifican-en-alfabetizacion-digital","status":"publish","type":"post","link":"https:\/\/www.radiolimari.cl\/?p=5409","title":{"rendered":"Asistentes de la educaci\u00f3n de Ovalle se certifican en alfabetizaci\u00f3n digital"},"content":{"rendered":"<p><a href=\"https:\/\/www.radiolimari.cl\/wp-content\/uploads\/2021\/07\/7.7-alfabetizacion-digital-ceia-limari.png\"><img fetchpriority=\"high\" decoding=\"async\" class=\"alignnone size-medium wp-image-5410\" src=\"https:\/\/www.radiolimari.cl\/wp-content\/uploads\/2021\/07\/7.7-alfabetizacion-digital-ceia-limari-300x225.png\" alt=\"7.7 alfabetizacion-digital-ceia-limari\" width=\"300\" height=\"225\" srcset=\"https:\/\/www.radiolimari.cl\/wp-content\/uploads\/2021\/07\/7.7-alfabetizacion-digital-ceia-limari-300x225.png 300w, https:\/\/www.radiolimari.cl\/wp-content\/uploads\/2021\/07\/7.7-alfabetizacion-digital-ceia-limari.png 800w\" sizes=\"(max-width: 300px) 100vw, 300px\" \/><\/a><\/p>\n<p><strong><em>Los funcionarios del establecimiento educacional CEIA Limar\u00ed recibieron una capacitaci\u00f3n sobre herramientas b\u00e1sicas de computaci\u00f3n, realizada por instituto profesional ovallino. <\/em><\/strong><!--more--><\/p>\n<p>Un grupo de asistentes de la educaci\u00f3n del Centro de Educaci\u00f3n Integral de Adultos, CEIA \u00a0Limar\u00ed participaron de un curso de alfabetizaci\u00f3n digital que tiene por objetivo dotarlos de herramientas b\u00e1sicas para potenciar su desempe\u00f1o laboral, considerando el incremento del uso de plataformas digitales, producto del confinamiento por la pandemia de coronavirus.<\/p>\n<p>Karin Flores, Directora de CEIA Limar\u00ed destac\u00f3 la relevancia que tiene la capacitaci\u00f3n para los funcionarios de educaci\u00f3n, sobre todo porque seg\u00fan coment\u00f3, en el \u00faltimo tiempo han debido aprender muchas cosas en el \u00e1mbito digital, de manera auto gestionada.<\/p>\n<p>La docente dijo, en este sentido, que la instancia \u201ces muy importante y significativa, a pesar de que es un curso introductorio, mucho de lo que hemos aprendido en pandemia ha sido de manera autodidacta, y tuvimos que aprender muchas cosas en poco tiempo. Para nosotros, brindar estos espacios de desarrollo es muy importante. Este diploma representa el esfuerzo, la dedicaci\u00f3n de cada uno de los asistentes, de conectarse a las clases, la perseverancia, el trabajo en equipo y colaborativo\u201d, concluy\u00f3.<\/p>\n<p>En tanto, una de las participantes del curso, Jessica Castillo, agradeci\u00f3 esta oportunidad\u00a0 ya que les permite \u201cseguir aprendiendo, generar m\u00e1s espacios para crecer profesionalmente y aprender el manejo de herramientas tan necesarias para nuestro presente. Estas instancias nos permiten\u00a0 crecer en lo laboral y en lo personal ya que son indispensables\u201d, afirm\u00f3.<\/p>\n<p>La capacitaci\u00f3n fue realizada por la carrera Analista Programador del IP Santo Tom\u00e1s, y tuvo m\u00f3dulos de Google Drive donde los participantes conocieron esta herramienta, crearon\u00a0 \u00a0\u00a0una carpeta, subieron y compartieron documentos. Tambi\u00e9n trabajaron en Word y en planillas Excel, herramientas b\u00e1sicas de computaci\u00f3n.<\/p>\n<p><strong>Alfabetizaci\u00f3n Digital<\/strong><\/p>\n<p>Jorge Ponce Director carreras Inform\u00e1tica, Santo Tom\u00e1s sede Ovalle, quien estuvo a cargo de la capacitaci\u00f3n se\u00f1al\u00f3 que la alfabetizaci\u00f3n digital busca que las personas puedan utilizar tecnolog\u00edas de la inform\u00e1tica en la vida cotidiana y desarrollar nuevas oportunidades sociales y econ\u00f3micas para ellos, sus familias y sus comunidades digitales.<\/p>\n<p>Capacidades, que seg\u00fan el docente se han debido potenciar, producto de la pandemia, para conectarnos a trav\u00e9s de las plataformas digitales que hoy existen.\u00a0 En este sentido, coment\u00f3 que el objetivo del taller era \u201cdesarrollar en los participantes las habilidades necesarias para implementar herramientas de ofim\u00e1tica en sus labores\u201d.<\/p>\n<p>Por \u00faltimo, Marcela Castillo, directora acad\u00e9mica Santo Tom\u00e1s sede Ovalle, coment\u00f3 que \u00a0\u201clas nuevas formas de comunicaci\u00f3n, son una nueva capacidad de relacionarnos y eso es tremendamente importante, la era digital nos ha permitido establecernos en lugares distintos. Para nosotros en Santo Tom\u00e1s es importante colaborar en la formaci\u00f3n de las personas, por lo que es vital este nexo de colaboraci\u00f3n con la comunidad\u201d.<\/p>\n<p>&nbsp;<\/p>\n","protected":false},"excerpt":{"rendered":"<p>Los funcionarios del establecimiento educacional CEIA Limar\u00ed recibieron una capacitaci\u00f3n sobre herramientas b\u00e1sicas de computaci\u00f3n, realizada por instituto profesional ovallino.<\/p>\n","protected":false},"author":2,"featured_media":5410,"comment_status":"open","ping_status":"open","sticky":false,"template":"","format":"standard","meta":{"footnotes":""},"categories":[5],"tags":[],"class_list":["post-5409","post","type-post","status-publish","format-standard","has-post-thumbnail","hentry","category-actualidad-limarina"],"_links":{"self":[{"href":"https:\/\/www.radiolimari.cl\/index.php?rest_route=\/wp\/v2\/posts\/5409","targetHints":{"allow":["GET"]}}],"collection":[{"href":"https:\/\/www.radiolimari.cl\/index.php?rest_route=\/wp\/v2\/posts"}],"about":[{"href":"https:\/\/www.radiolimari.cl\/index.php?rest_route=\/wp\/v2\/types\/post"}],"author":[{"embeddable":true,"href":"https:\/\/www.radiolimari.cl\/index.php?rest_route=\/wp\/v2\/users\/2"}],"replies":[{"embeddable":true,"href":"https:\/\/www.radiolimari.cl\/index.php?rest_route=%2Fwp%2Fv2%2Fcomments&post=5409"}],"version-history":[{"count":1,"href":"https:\/\/www.radiolimari.cl\/index.php?rest_route=\/wp\/v2\/posts\/5409\/revisions"}],"predecessor-version":[{"id":5411,"href":"https:\/\/www.radiolimari.cl\/index.php?rest_route=\/wp\/v2\/posts\/5409\/revisions\/5411"}],"wp:featuredmedia":[{"embeddable":true,"href":"https:\/\/www.radiolimari.cl\/index.php?rest_route=\/wp\/v2\/media\/5410"}],"wp:attachment":[{"href":"https:\/\/www.radiolimari.cl\/index.php?rest_route=%2Fwp%2Fv2%2Fmedia&parent=5409"}],"wp:term":[{"taxonomy":"category","embeddable":true,"href":"https:\/\/www.radiolimari.cl\/index.php?rest_route=%2Fwp%2Fv2%2Fcategories&post=5409"},{"taxonomy":"post_tag","embeddable":true,"href":"https:\/\/www.radiolimari.cl\/index.php?rest_route=%2Fwp%2Fv2%2Ftags&post=5409"}],"curies":[{"name":"wp","href":"https:\/\/api.w.org\/{rel}","templated":true}]}}