{"id":5398,"date":"2021-07-06T20:02:42","date_gmt":"2021-07-06T20:02:42","guid":{"rendered":"http:\/\/www.radiolimari.cl\/?p=5398"},"modified":"2021-07-06T20:02:42","modified_gmt":"2021-07-06T20:02:42","slug":"en-la-localidad-de-san-pedro-de-rio-hurtado-se-realizara-una-jornada-de-mantencion-de-la-ruta-ancestral-ademas-de-limpieza-y-reforestacionn-del-sector-cancha-de-futbol","status":"publish","type":"post","link":"https:\/\/www.radiolimari.cl\/?p=5398","title":{"rendered":"En la localidad de San Pedro de R\u00edo Hurtado, se realizar\u00e1  una jornada de Mantenci\u00f3n de la ruta ancestral adem\u00e1s de limpieza y reforestaci\u00f3nn del sector cancha de Futbol"},"content":{"rendered":"<p><a href=\"https:\/\/www.radiolimari.cl\/wp-content\/uploads\/2021\/07\/6.7-san-pedro.jpg\"><img fetchpriority=\"high\" decoding=\"async\" class=\"alignnone size-medium wp-image-5399\" src=\"https:\/\/www.radiolimari.cl\/wp-content\/uploads\/2021\/07\/6.7-san-pedro-300x168.jpg\" alt=\"6.7 san pedro\" width=\"300\" height=\"168\" srcset=\"https:\/\/www.radiolimari.cl\/wp-content\/uploads\/2021\/07\/6.7-san-pedro-300x168.jpg 300w, https:\/\/www.radiolimari.cl\/wp-content\/uploads\/2021\/07\/6.7-san-pedro-1024x574.jpg 1024w, https:\/\/www.radiolimari.cl\/wp-content\/uploads\/2021\/07\/6.7-san-pedro.jpg 1600w\" sizes=\"(max-width: 300px) 100vw, 300px\" \/><\/a><\/p>\n<p>Se trata de la realizaci\u00f3n de una jornada de limpieza, mantenci\u00f3n y erradicaci\u00f3n\u00a0 de micro basural ubicado en la entrada del Sendero de Chile o Ruta Ancestral, sector cancha de f\u00fatbol de San Pedro. En el lugar adem\u00e1s se plantar\u00e1n \u00e1rboles y construir\u00e1n bancas en piedra, entre otras labores<!--more--><\/p>\n<p>La Municipalidad de R\u00edo Hurtado en su compromiso con el cuidado del medio ambiente ha plantado m\u00e1s de 2000 \u00e1rboles en diversos sectores de la comuna a la orilla del camino como as\u00ed tambi\u00e9n \u00a0con la colaboraci\u00f3n de dirigentes de varias instituciones que han realizado arborizaci\u00f3n en su sector.<\/p>\n<p>Entre las especias plantadas figuran 170 Schinus areira (Pimiento) 2000 Acacia saligna 120 Algarrobos, \u00a060 Sena cumingii (alcaparra) 60 Cordia decandra (carbonillo)<\/p>\n<p>Este hito \u00a0medioambiental es parte de la iniciativa del Municipio para sumarnos a la \u00a0cadena de acciones clim\u00e1ticas y en el D\u00eda nacional del \u00c1rbol que se celebra en Chile este 6 de Julio<\/p>\n<p>En este sentido la alcaldesa de la comuna Carmen Juana Olivares, junto a las unidades de Turismo, Medio ambiente y servicios generales, como una forma de cuidar la naturaleza, nuestro entorno y el medio ambiente, ha coordinado una jornada de \u00a0limpieza y forestaci\u00f3n en el sector de la cancha de f\u00fatbol de la localidad de San Pedro, donde se contar\u00e1 con la colaboraci\u00f3n de la comunidad y Conaf.<\/p>\n<p>El Encargado de Turismo del Municipio Ricardo Cornejo Mirando nos detalla las labores a realizar este mi\u00e9rcoles 7 de junio en el sector de San Pedro \u201cse trata de la realizaci\u00f3n de una jornada de limpieza, mantenci\u00f3n y erradicaci\u00f3n\u00a0 de micro basural ubicado en la entrada del Sendero de Chile o Ruta Ancestral, sector cancha de f\u00fatbol de San Pedro. En el lugar adem\u00e1s se plantar\u00e1n \u00e1rboles y construir\u00e1n bancas en piedra, entre otras labores\u201d<\/p>\n<p>Proyectos como este reafirman que la reforestaci\u00f3n y limpieza es posible a trav\u00e9s de instancias colaborativas, como\u00a0 lo ha hecho el Municipio con la colaboraci\u00f3n de Conaf que ha donado los \u00e1rboles para la reforestaci\u00f3n en la comuna de R\u00edo Hurtado<\/p>\n<p>La alcaldesa Carmen Juana Olivares destaca la celebraci\u00f3n de este d\u00eda, como as\u00ed tambi\u00e9n hace un llamado a los vecinos de San Pedro a participar de esta actividad \u201chacemos un llamado a la comunidad de San Pedro a ser part\u00edcipe de esta jornada que se realizar\u00e1 entre las 9 de la ma\u00f1ana y las \u00a04 de la tarde, donde mejoraremos en conjunto el sector como as\u00ed tambi\u00e9n continuaremos con la reforestaci\u00f3n que lleva adelante el municipio donde se han plantado ya m\u00e1s de 2000 especies entre \u00e1rboles y arbustos\u201d<\/p>\n<p>&nbsp;<\/p>\n","protected":false},"excerpt":{"rendered":"<p>Se trata de la realizaci\u00f3n de una jornada de limpieza, mantenci\u00f3n y erradicaci\u00f3n\u00a0 de micro basural ubicado en la entrada del Sendero de Chile o Ruta Ancestral, sector cancha de f\u00fatbol de San Pedro. En el lugar adem\u00e1s se plantar\u00e1n \u00e1rboles y construir\u00e1n bancas en piedra, entre otras labores<\/p>\n","protected":false},"author":2,"featured_media":5399,"comment_status":"open","ping_status":"open","sticky":false,"template":"","format":"standard","meta":{"footnotes":""},"categories":[5],"tags":[],"class_list":["post-5398","post","type-post","status-publish","format-standard","has-post-thumbnail","hentry","category-actualidad-limarina"],"_links":{"self":[{"href":"https:\/\/www.radiolimari.cl\/index.php?rest_route=\/wp\/v2\/posts\/5398","targetHints":{"allow":["GET"]}}],"collection":[{"href":"https:\/\/www.radiolimari.cl\/index.php?rest_route=\/wp\/v2\/posts"}],"about":[{"href":"https:\/\/www.radiolimari.cl\/index.php?rest_route=\/wp\/v2\/types\/post"}],"author":[{"embeddable":true,"href":"https:\/\/www.radiolimari.cl\/index.php?rest_route=\/wp\/v2\/users\/2"}],"replies":[{"embeddable":true,"href":"https:\/\/www.radiolimari.cl\/index.php?rest_route=%2Fwp%2Fv2%2Fcomments&post=5398"}],"version-history":[{"count":1,"href":"https:\/\/www.radiolimari.cl\/index.php?rest_route=\/wp\/v2\/posts\/5398\/revisions"}],"predecessor-version":[{"id":5400,"href":"https:\/\/www.radiolimari.cl\/index.php?rest_route=\/wp\/v2\/posts\/5398\/revisions\/5400"}],"wp:featuredmedia":[{"embeddable":true,"href":"https:\/\/www.radiolimari.cl\/index.php?rest_route=\/wp\/v2\/media\/5399"}],"wp:attachment":[{"href":"https:\/\/www.radiolimari.cl\/index.php?rest_route=%2Fwp%2Fv2%2Fmedia&parent=5398"}],"wp:term":[{"taxonomy":"category","embeddable":true,"href":"https:\/\/www.radiolimari.cl\/index.php?rest_route=%2Fwp%2Fv2%2Fcategories&post=5398"},{"taxonomy":"post_tag","embeddable":true,"href":"https:\/\/www.radiolimari.cl\/index.php?rest_route=%2Fwp%2Fv2%2Ftags&post=5398"}],"curies":[{"name":"wp","href":"https:\/\/api.w.org\/{rel}","templated":true}]}}