{"id":5396,"date":"2021-07-06T19:55:42","date_gmt":"2021-07-06T19:55:42","guid":{"rendered":"http:\/\/www.radiolimari.cl\/?p=5396"},"modified":"2021-07-06T19:55:42","modified_gmt":"2021-07-06T19:55:42","slug":"ceaza-pronostica-heladas-y-bajas-temperaturas-para-valles-de-la-region-de-coquimbo","status":"publish","type":"post","link":"https:\/\/www.radiolimari.cl\/?p=5396","title":{"rendered":"CEAZA pronostica heladas y bajas temperaturas para valles de la Regi\u00f3n de Coquimbo"},"content":{"rendered":"<p><a href=\"https:\/\/www.radiolimari.cl\/wp-content\/uploads\/2021\/06\/las-breas.jpg\"><img fetchpriority=\"high\" decoding=\"async\" class=\"alignnone size-medium wp-image-5152\" src=\"https:\/\/www.radiolimari.cl\/wp-content\/uploads\/2021\/06\/las-breas-300x168.jpg\" alt=\"las breas\" width=\"300\" height=\"168\" srcset=\"https:\/\/www.radiolimari.cl\/wp-content\/uploads\/2021\/06\/las-breas-300x168.jpg 300w, https:\/\/www.radiolimari.cl\/wp-content\/uploads\/2021\/06\/las-breas.jpg 1010w\" sizes=\"(max-width: 300px) 100vw, 300px\" \/><\/a><\/p>\n<p><span style=\"font-weight: 600; color: #000000;\">De acuerdo al \u00e1rea meteorol\u00f3gica del CEAZA, para este mi\u00e9rcoles 7 y jueves 8 de julio se pronostican bajas temperaturas y heladas en los valles de la Regi\u00f3n de Coquimbo y en la precordillera de la provincia de Choapa, que estar\u00edan\u00a0relacionadas con el ingreso de una alta presi\u00f3n fr\u00eda.<\/span><!--more--><\/p>\n<p><span style=\"font-weight: 600; color: #000000;\">Seg\u00fan anuncia Luis Mu\u00f1oz, meteor\u00f3logo del CEAZA, \u201cpara el mi\u00e9rcoles 7 y jueves 8 de julio se pronostican bajas temperaturas y heladas en los valles interiores de la Regi\u00f3n de Coquimbo, en los valles del secano costero de la provincia de Limar\u00ed y en la precordillera de la provincia de Choapa, junto a ello tambi\u00e9n se registrar\u00e1n heladas superficiales en los valles del secano costero de las provincias de Elqui y de Choapa\u201d.<\/span><\/p>\n<p style=\"font-weight: 600; color: #000000;\">A continuaci\u00f3n se entrega detalle de temperaturas por zona:<\/p>\n<p style=\"font-weight: 600; color: #000000;\"><a style=\"font-weight: normal; color: #c5d000;\" href=\"http:\/\/www.ceaza.cl\/wp-content\/uploads\/2021\/07\/heladas-y-bajas.png\"><br \/>\n<img decoding=\"async\" class=\" wp-image-13025 aligncenter\" style=\"color: transparent;\" src=\"http:\/\/www.ceaza.cl\/wp-content\/uploads\/2021\/07\/heladas-y-bajas.png\" alt=\"\" width=\"375\" height=\"215\" \/><\/a><\/p>\n<p style=\"font-weight: 600; color: #000000;\">El profesional explica adem\u00e1s que \u201ccon temperaturas m\u00ednimas entre los 0\u00baC y 2\u00baC se puede observar escarcha al nivel del suelo, ya que al nivel del suelo las temperaturas m\u00ednimas son cerca de 2\u00baC menores que a 1,5 metros del suelo, que es donde est\u00e1n los term\u00f3metros de las estaciones meteorol\u00f3gicas. A esto se le conoce como \u201chelada superficial\u201d o \u201chelada agron\u00f3mica\u201d\u201d.<\/p>\n<p style=\"font-weight: 600; color: #000000;\">Para mayor detalle del pron\u00f3stico del tiempo en la Regi\u00f3n de Coquimbo recuerda visitar la p\u00e1gina web del laboratorio de Meteorolog\u00eda del CEAZA:<a style=\"font-weight: normal; color: #c5d000;\" href=\"http:\/\/www.ceazamet.cl\/index.php?pag=mod_pronostico&amp;p_cod=ceazamet\">\u00a0http:\/\/www.ceazamet.cl\/index.php?pag=mod_pronostico&amp;p_cod=ceazamet<\/a><\/p>\n","protected":false},"excerpt":{"rendered":"<p>De acuerdo al \u00e1rea meteorol\u00f3gica del CEAZA, para este mi\u00e9rcoles 7 y jueves 8 de julio se pronostican bajas temperaturas y heladas en los valles de la Regi\u00f3n de Coquimbo y en la precordillera de la provincia de Choapa, que estar\u00edan\u00a0relacionadas con el ingreso de una alta presi\u00f3n fr\u00eda.<\/p>\n","protected":false},"author":2,"featured_media":5152,"comment_status":"open","ping_status":"open","sticky":false,"template":"","format":"standard","meta":{"footnotes":""},"categories":[3],"tags":[],"class_list":["post-5396","post","type-post","status-publish","format-standard","has-post-thumbnail","hentry","category-actualidad"],"_links":{"self":[{"href":"https:\/\/www.radiolimari.cl\/index.php?rest_route=\/wp\/v2\/posts\/5396","targetHints":{"allow":["GET"]}}],"collection":[{"href":"https:\/\/www.radiolimari.cl\/index.php?rest_route=\/wp\/v2\/posts"}],"about":[{"href":"https:\/\/www.radiolimari.cl\/index.php?rest_route=\/wp\/v2\/types\/post"}],"author":[{"embeddable":true,"href":"https:\/\/www.radiolimari.cl\/index.php?rest_route=\/wp\/v2\/users\/2"}],"replies":[{"embeddable":true,"href":"https:\/\/www.radiolimari.cl\/index.php?rest_route=%2Fwp%2Fv2%2Fcomments&post=5396"}],"version-history":[{"count":1,"href":"https:\/\/www.radiolimari.cl\/index.php?rest_route=\/wp\/v2\/posts\/5396\/revisions"}],"predecessor-version":[{"id":5397,"href":"https:\/\/www.radiolimari.cl\/index.php?rest_route=\/wp\/v2\/posts\/5396\/revisions\/5397"}],"wp:featuredmedia":[{"embeddable":true,"href":"https:\/\/www.radiolimari.cl\/index.php?rest_route=\/wp\/v2\/media\/5152"}],"wp:attachment":[{"href":"https:\/\/www.radiolimari.cl\/index.php?rest_route=%2Fwp%2Fv2%2Fmedia&parent=5396"}],"wp:term":[{"taxonomy":"category","embeddable":true,"href":"https:\/\/www.radiolimari.cl\/index.php?rest_route=%2Fwp%2Fv2%2Fcategories&post=5396"},{"taxonomy":"post_tag","embeddable":true,"href":"https:\/\/www.radiolimari.cl\/index.php?rest_route=%2Fwp%2Fv2%2Ftags&post=5396"}],"curies":[{"name":"wp","href":"https:\/\/api.w.org\/{rel}","templated":true}]}}