{"id":5393,"date":"2021-07-06T15:42:16","date_gmt":"2021-07-06T15:42:16","guid":{"rendered":"http:\/\/www.radiolimari.cl\/?p=5393"},"modified":"2021-07-06T15:42:16","modified_gmt":"2021-07-06T15:42:16","slug":"alcaldes-de-monte-patria-y-combarbala-se-reunen-por-proyecto-de-electrificacion-en-conjunto","status":"publish","type":"post","link":"https:\/\/www.radiolimari.cl\/?p=5393","title":{"rendered":"Alcaldes de Monte Patria y Combarbal\u00e1 se re\u00fanen por proyecto de electrificaci\u00f3n en conjunto"},"content":{"rendered":"<p><a href=\"https:\/\/www.radiolimari.cl\/wp-content\/uploads\/2021\/07\/6.7-monte-atria.jpeg\"><img fetchpriority=\"high\" decoding=\"async\" class=\"alignnone size-medium wp-image-5394\" src=\"https:\/\/www.radiolimari.cl\/wp-content\/uploads\/2021\/07\/6.7-monte-atria-300x224.jpeg\" alt=\"6.7 monte atria\" width=\"300\" height=\"224\" srcset=\"https:\/\/www.radiolimari.cl\/wp-content\/uploads\/2021\/07\/6.7-monte-atria-300x224.jpeg 300w, https:\/\/www.radiolimari.cl\/wp-content\/uploads\/2021\/07\/6.7-monte-atria-1024x766.jpeg 1024w, https:\/\/www.radiolimari.cl\/wp-content\/uploads\/2021\/07\/6.7-monte-atria.jpeg 1280w\" sizes=\"(max-width: 300px) 100vw, 300px\" \/><\/a><\/p>\n<p><em>Con una inversi\u00f3n de aproximadamente 1.000 millones de pesos, se ver\u00edan beneficiadas cerca de cien familias, entre La Saucera y C\u00e1rcamo. <\/em><!--more--><\/p>\n<p>Contar con servicios b\u00e1sicos como energ\u00eda el\u00e9ctrica es algo normal para la mayor\u00eda de las familias de nuestro pa\u00eds, un acto cotidiano como encender la luz o ver televisi\u00f3n es algo casi imperceptible en millones de personas, pero no es el caso de las familias de la localidad de C\u00e1rcamo en la comuna de Monte Patria y en el sector de La Saucera en Combarbal\u00e1 quienes a\u00fan no cuentan con este servicio.<\/p>\n<p>Pero desde las casas edilicias de ambas comunas ven con buenos ojos, la forma del trabajo mancomunado tras un fruct\u00edfero encuentro de los alcaldes de las comunas de Combarbal\u00e1, Pedro Castillo y Cristian Herrera de Monte Patria, junto la concejala de la comuna de los valles generosos, Mery Mora, equipos t\u00e9cnicos y la dirigente de la comunidad de C\u00e1rcamo, Oliva Saavedra, quienes se reunieron para ver el estado del anhelado proyecto de electrificaci\u00f3n de \u201cLa Saucera-C\u00e1rcamo\u201d.<\/p>\n<p>Al respecto, el alcalde de Combarbal\u00e1 Pedro Castillo se\u00f1al\u00f3 \u201cHemos trazado la hoja de ruta en conjunto, tenemos avanzados los proyectos de electrificaci\u00f3n, toda la ingenier\u00eda, los presupuestos, listado de beneficiarios y esperamos concretarlo con el alcalde Cristian Herrera\u201d.<\/p>\n<p>Por su parte el edil montepatrino, Cristian Herrera indic\u00f3: \u201cEs fundamental en nuestra gesti\u00f3n poder dotar de servicios b\u00e1sicos a quienes hoy no lo tienen, quiero agradecer al alcalde de Combarbal\u00e1 porque tenemos un proyecto en conjunto y queremos ir avanzando para concretarlo. Esperamos que el programa de Zonas Rezagadas pueda financiar este proyecto. Nuestra integraci\u00f3n inicial es con nuestras comunas vecinas.\u201d<\/p>\n<p>En tiempos actuales, de teletrabajo y clases online, es urgente llegar con servicios b\u00e1sicos como energ\u00eda el\u00e9ctrica y agua potable a las zonas que no lo tienen. La presidenta de la junta de vecinos de C\u00e1rcamo, Oliva Saavedra enfatiz\u00f3 \u201cEstoy muy agradecida de poder participar en la mesa de trabajo de este proyecto que nos beneficiar\u00e1, esperamos poder contar pronto con resultados.\u201d<\/p>\n<p>Es necesario que la ruralidad tenga los mismos derechos y accesos a servicios b\u00e1sicos, fueron parte de las palabras de la concejala Mery Mora: \u201cCon Combarbal\u00e1 somos muy similares en las necesidades, dispersi\u00f3n geogr\u00e1fica y ruralidad, es por eso que esperamos que este trabajo mancomunado d\u00e9 frutos.\u201d<\/p>\n<p>En la jornada, adem\u00e1s se acordaron los pasos a seguir para continuar trabajando en este y otros proyectos e iniciativas conjuntas para el beneficio de ambas comunas.<\/p>\n<p>&nbsp;<\/p>\n","protected":false},"excerpt":{"rendered":"<p>Con una inversi\u00f3n de aproximadamente 1.000 millones de pesos, se ver\u00edan beneficiadas cerca de cien familias, entre La Saucera y C\u00e1rcamo.<\/p>\n","protected":false},"author":2,"featured_media":5394,"comment_status":"open","ping_status":"open","sticky":false,"template":"","format":"standard","meta":{"footnotes":""},"categories":[5],"tags":[],"class_list":["post-5393","post","type-post","status-publish","format-standard","has-post-thumbnail","hentry","category-actualidad-limarina"],"_links":{"self":[{"href":"https:\/\/www.radiolimari.cl\/index.php?rest_route=\/wp\/v2\/posts\/5393","targetHints":{"allow":["GET"]}}],"collection":[{"href":"https:\/\/www.radiolimari.cl\/index.php?rest_route=\/wp\/v2\/posts"}],"about":[{"href":"https:\/\/www.radiolimari.cl\/index.php?rest_route=\/wp\/v2\/types\/post"}],"author":[{"embeddable":true,"href":"https:\/\/www.radiolimari.cl\/index.php?rest_route=\/wp\/v2\/users\/2"}],"replies":[{"embeddable":true,"href":"https:\/\/www.radiolimari.cl\/index.php?rest_route=%2Fwp%2Fv2%2Fcomments&post=5393"}],"version-history":[{"count":1,"href":"https:\/\/www.radiolimari.cl\/index.php?rest_route=\/wp\/v2\/posts\/5393\/revisions"}],"predecessor-version":[{"id":5395,"href":"https:\/\/www.radiolimari.cl\/index.php?rest_route=\/wp\/v2\/posts\/5393\/revisions\/5395"}],"wp:featuredmedia":[{"embeddable":true,"href":"https:\/\/www.radiolimari.cl\/index.php?rest_route=\/wp\/v2\/media\/5394"}],"wp:attachment":[{"href":"https:\/\/www.radiolimari.cl\/index.php?rest_route=%2Fwp%2Fv2%2Fmedia&parent=5393"}],"wp:term":[{"taxonomy":"category","embeddable":true,"href":"https:\/\/www.radiolimari.cl\/index.php?rest_route=%2Fwp%2Fv2%2Fcategories&post=5393"},{"taxonomy":"post_tag","embeddable":true,"href":"https:\/\/www.radiolimari.cl\/index.php?rest_route=%2Fwp%2Fv2%2Ftags&post=5393"}],"curies":[{"name":"wp","href":"https:\/\/api.w.org\/{rel}","templated":true}]}}