{"id":5372,"date":"2021-07-05T14:11:36","date_gmt":"2021-07-05T14:11:36","guid":{"rendered":"http:\/\/www.radiolimari.cl\/?p=5372"},"modified":"2021-07-05T14:11:36","modified_gmt":"2021-07-05T14:11:36","slug":"ministra-karla-rubilar-estuvo-en-la-comuna-de-la-higuera-para-firmar-importante-convenio-de-inclusion","status":"publish","type":"post","link":"https:\/\/www.radiolimari.cl\/?p=5372","title":{"rendered":"Ministra Karla Rubilar estuvo en  la comuna de La Higuera para firmar importante convenio de inclusi\u00f3n"},"content":{"rendered":"<p><a href=\"https:\/\/www.radiolimari.cl\/wp-content\/uploads\/2021\/07\/5.7-ministra-en-la-Higuera.jpg\"><img decoding=\"async\" class=\"alignnone size-medium wp-image-5373\" src=\"https:\/\/www.radiolimari.cl\/wp-content\/uploads\/2021\/07\/5.7-ministra-en-la-Higuera-300x144.jpg\" alt=\"5.7 ministra en la Higuera\" width=\"300\" height=\"144\" srcset=\"https:\/\/www.radiolimari.cl\/wp-content\/uploads\/2021\/07\/5.7-ministra-en-la-Higuera-300x144.jpg 300w, https:\/\/www.radiolimari.cl\/wp-content\/uploads\/2021\/07\/5.7-ministra-en-la-Higuera.jpg 1024w\" sizes=\"(max-width: 300px) 100vw, 300px\" \/><\/a><\/p>\n<p><em>En la visita a la regi\u00f3n de coquimbo, la ministra Rubilar, junto al seremi de Desarrollo Social y Familia de la regi\u00f3n, Marcelo Telias se refirieron a la importancia de la <\/em><em>Estrategia de Desarrollo Local Inclusivo, EDLI, oferta multiprogram\u00e1tica, que permitir\u00e1 generar un proceso creciente de inclusi\u00f3n social en la comuna.<\/em><!--more--><\/p>\n<p>Hasta la comuna de La Higuera, en la regi\u00f3n de Coquimbo, lleg\u00f3 el domingo, la ministra de Desarrollo Social y Familia, Karla Rubilar Barahona, lugar al que lleg\u00f3 acompa\u00f1ada del seremi de la cartera en la regi\u00f3n, Marcelo Telias, y donde fueron recibidos por el alcalde de la comuna, Yerko Galleguillos; directora regional de Senadis, Jorge Ju\u00e1rez y el diputado Alfredo Gahona.<\/p>\n<p>En la actividad, la ministra Rubilar explic\u00f3 la importancia de la Estrategia de Desarrollo Local Inclusivo, EDLI, iniciativa dirigida a todos los municipios que tienen Programa, Oficina o Departamento de la Discapacidad.<\/p>\n<p>En ese sentido, la ministra de Desarrollo Social y Familia, Karla Rubilar valor\u00f3 el plan, recalcando que \u201cpara nosotros era muy importante estar aqu\u00ed, primero porque hay que mostrar que como Ministerio de Desarrollo Social vamos a llegar a todos los territorios de la regi\u00f3n de Coquimbo y del pa\u00eds. Y para nosotros adem\u00e1s venir a La Higuera es muy simb\u00f3lico, primero porque tenemos un gran alcalde, muy comprometido con las personas con discapacidad, muy comprometido con la inclusi\u00f3n. Nosotros sentimos que la comuna de La Higuera es una comuna inclusiva, trabaja para eso todos los d\u00edas y por eso como Ministerio de Desarrollo Social estamos muy contentos con nuestro seremi y con nuestro director regional de estar hoy d\u00eda firmando nuestro Convenio de Estrategia de Desarrollo Local Inclusivo que significa que La Higuera se compromete una vez m\u00e1s a seguir avanzando en los desaf\u00edos que significa poder permitir la igualdad de oportunidades a todas las personas con discapacidad desde el desarrollo de la infraestructura de la comuna, desde el desarrollo de la inclusi\u00f3n laboral, desde la participaci\u00f3n de las personas con discapacidad\u201d.<\/p>\n<p>En la convocatoria correspondiente a este a\u00f1o se definieron tres modalidades de postulaci\u00f3n, entre las que los municipios pod\u00edan elegir postular a s\u00f3lo una de ellas, de acuerdo a las caracter\u00edsticas que cumpla la unidad de discapacidad.<\/p>\n<p>Al respecto, el alcalde La Higuera, Yerko Galleguillos, valor\u00f3 la firma del convenio puntualizando que \u201cnos permite generar recursos para poder mover nuestra Oficina de la Discapacidad. La discapacidad es un tema que muchos vecinos que ac\u00e1 tambi\u00e9n lo viven, a trav\u00e9s de este convenio podemos atenderlos, ayudarlos tambi\u00e9n a solucionar sus problemas. Yo lo vivo en carne propia, mi mam\u00e1, mi cu\u00f1ado, por lo tanto, se lo que significa y estoy muy agradecido de la gesti\u00f3n que hemos hecho a trav\u00e9s del Ministerio de Desarrollo Social, nuestro seremi y director regional y por supuesto la ministra Rubilar\u201d.<\/p>\n<p>El EDLI, considera un Plan de Apoyo a los Municipios con la finalidad de impulsar gestiones intersectoriales para una pol\u00edtica p\u00fablica de largo plazo, que fortalezca planes de inclusi\u00f3n social para las personas con discapacidad, desde los gobiernos locales, en alianza con las organizaciones comunitarias.<\/p>\n<p>Por su parte, el seremi de Desarrollo Social y Familia de Coquimbo, Marcelo Telias, destac\u00f3 el trabajo que se realiza a nivel de Ministerio, recalcando que \u201cno solamente estamos en la comuna de La Higuera, tambi\u00e9n en Paihuano y otras comunas que realmente lo necesitan, no solamente nos centramos en La Serena y en Coquimbo. Hay gente que lo necesita y por eso necesitamos acercar los beneficios en sus mismas comunas, que no tengan que trasladarse. Esa es la importancia que tiene este compromiso que estamos realizando hoy d\u00eda. No solamente el Ingreso Familiar de Emergencia para llegar a las familias, no solamente el Bono PYME para nuestros emprendedores, as\u00ed que tambi\u00e9n tenemos distintos servicios que entregamos a trav\u00e9s de la Seremi de Desarrollo Social, hoy d\u00eda acompa\u00f1ados de nuestra ministra Karla Rubilar\u00bb.<\/p>\n<p>En tanto, el director regional de Senadis, Jorge Ju\u00e1rez, destac\u00f3 que \u201ceste convenio va a permitir hacer mejoras a los domicilios de las personas con discapacidad, mejorar la accesibilidad, mejorar las condiciones que hoy d\u00eda existen para los funcionarios en materia de inclusi\u00f3n y por supuesto seguir trabajando por una comuna m\u00e1s inclusiva, m\u00e1s respetuosa y apropiada para las personas con discapacidad que hoy d\u00eda tanto lo necesitan en nuestra comuna\u00bb.<\/p>\n<p>Qui\u00e9n tambi\u00e9n lleg\u00f3 hasta la Higuera fue el diputado Alfredo Gahona, qui\u00e9n tambi\u00e9n se refiri\u00f3 al convenio, precisando que \u201cen comunas como La Higuera, Paihuano, Canela, Combarbal\u00e1, Monte Patria, Salamanca, comunas que son tambi\u00e9n muy pujantes y que tambi\u00e9n tienen muchas dificultades y donde tambi\u00e9n personas que tienen problemas de discapacidad tambi\u00e9n est\u00e1n un poco alejados. Por eso la importancia de estos convenios, de estos programas que permiten acercar la inclusi\u00f3n hacia lugares tan apartados como la comuna de La Higuera\u00bb.<\/p>\n<p><strong>EDLI<\/strong><\/p>\n<p>La EDLI est\u00e1 dirigida a todos los municipios que tienen Programa, Oficina o Departamento de la Discapacidad. En esta convocatoria 2021 se definieron tres modalidades de postulaci\u00f3n, entre las cuales los municipios pod\u00edan elegir postular a s\u00f3lo una de ellas, de acuerdo a las caracter\u00edsticas que cumpla la unidad de discapacidad:<\/p>\n<p>&#8211;\u00a0\u00a0\u00a0\u00a0\u00a0\u00a0\u00a0\u00a0\u00a0 EDLI Inicial: dirigida a municipios que tienen una Oficina o Programa de Discapacidad con un trabajo incipiente en esta materia, es decir, con al menos un funcionario o funcionaria dedicado a esta tem\u00e1tica, y que desean comenzar a incorporar una gesti\u00f3n inclusiva con el objetivo de ir afianzando la unidad dedicada al trabajo de personas con discapacidad.<\/p>\n<p>&#8211;\u00a0\u00a0\u00a0\u00a0\u00a0\u00a0\u00a0\u00a0\u00a0 EDLI Regular: dirigida a municipios que poseen una Oficina, Departamento o Programa de Discapacidad, con un trabajo previo y experiencia en esta materia, con un m\u00ednimo de dos a\u00f1os de trayectoria y al menos un funcionario o funcionaria que trabaje de manera permanente y con dedicaci\u00f3n exclusiva, y que desean fortalecer su gesti\u00f3n inclusiva, avanzando en sus pol\u00edticas comunales la incorporaci\u00f3n de un enfoque de desarrollo inclusivo.<\/p>\n<p>&#8211;\u00a0\u00a0\u00a0\u00a0\u00a0\u00a0\u00a0\u00a0\u00a0 EDLI Continuidad: dirigida a municipios que tienen una Oficina, Departamento o Programa de Discapacidad, con una trayectoria de trabajo superior a tres a\u00f1os, con un equipo de trabajo consolidado y con dedicaci\u00f3n exclusiva a la tem\u00e1tica, que se hayan adjudicado EDLI en las convocatorias correspondientes a los a\u00f1os 2015 al 2018, y que desean consolidar sus pol\u00edticas comunales inclusivas de manera permanente.<\/p>\n","protected":false},"excerpt":{"rendered":"<p>En la visita a la regi\u00f3n de coquimbo, la ministra Rubilar, junto al seremi de Desarrollo Social y Familia de la regi\u00f3n, Marcelo Telias se refirieron a la importancia de la Estrategia de Desarrollo Local Inclusivo, EDLI, oferta multiprogram\u00e1tica, que permitir\u00e1 generar un proceso creciente de inclusi\u00f3n social en la comuna.<\/p>\n","protected":false},"author":2,"featured_media":5373,"comment_status":"open","ping_status":"open","sticky":false,"template":"","format":"standard","meta":{"footnotes":""},"categories":[3],"tags":[],"class_list":["post-5372","post","type-post","status-publish","format-standard","has-post-thumbnail","hentry","category-actualidad"],"_links":{"self":[{"href":"https:\/\/www.radiolimari.cl\/index.php?rest_route=\/wp\/v2\/posts\/5372","targetHints":{"allow":["GET"]}}],"collection":[{"href":"https:\/\/www.radiolimari.cl\/index.php?rest_route=\/wp\/v2\/posts"}],"about":[{"href":"https:\/\/www.radiolimari.cl\/index.php?rest_route=\/wp\/v2\/types\/post"}],"author":[{"embeddable":true,"href":"https:\/\/www.radiolimari.cl\/index.php?rest_route=\/wp\/v2\/users\/2"}],"replies":[{"embeddable":true,"href":"https:\/\/www.radiolimari.cl\/index.php?rest_route=%2Fwp%2Fv2%2Fcomments&post=5372"}],"version-history":[{"count":1,"href":"https:\/\/www.radiolimari.cl\/index.php?rest_route=\/wp\/v2\/posts\/5372\/revisions"}],"predecessor-version":[{"id":5374,"href":"https:\/\/www.radiolimari.cl\/index.php?rest_route=\/wp\/v2\/posts\/5372\/revisions\/5374"}],"wp:featuredmedia":[{"embeddable":true,"href":"https:\/\/www.radiolimari.cl\/index.php?rest_route=\/wp\/v2\/media\/5373"}],"wp:attachment":[{"href":"https:\/\/www.radiolimari.cl\/index.php?rest_route=%2Fwp%2Fv2%2Fmedia&parent=5372"}],"wp:term":[{"taxonomy":"category","embeddable":true,"href":"https:\/\/www.radiolimari.cl\/index.php?rest_route=%2Fwp%2Fv2%2Fcategories&post=5372"},{"taxonomy":"post_tag","embeddable":true,"href":"https:\/\/www.radiolimari.cl\/index.php?rest_route=%2Fwp%2Fv2%2Ftags&post=5372"}],"curies":[{"name":"wp","href":"https:\/\/api.w.org\/{rel}","templated":true}]}}