{"id":5368,"date":"2021-07-05T13:57:56","date_gmt":"2021-07-05T13:57:56","guid":{"rendered":"http:\/\/www.radiolimari.cl\/?p=5368"},"modified":"2021-07-05T13:57:56","modified_gmt":"2021-07-05T13:57:56","slug":"sag-continua-ejecucion-de-programa-fiscalizacion-con-sentido-con-aplicacion-de-encuestas-a-los-usuarios","status":"publish","type":"post","link":"https:\/\/www.radiolimari.cl\/?p=5368","title":{"rendered":"SAG contin\u00faa ejecuci\u00f3n de programa Fiscalizaci\u00f3n con Sentido con aplicaci\u00f3n de encuestas a los usuarios"},"content":{"rendered":"<p><a href=\"https:\/\/www.radiolimari.cl\/wp-content\/uploads\/2021\/07\/5.7-sag.jpg\"><img fetchpriority=\"high\" decoding=\"async\" class=\"alignnone size-medium wp-image-5369\" src=\"https:\/\/www.radiolimari.cl\/wp-content\/uploads\/2021\/07\/5.7-sag-300x210.jpg\" alt=\"5.7 sag\" width=\"300\" height=\"210\" srcset=\"https:\/\/www.radiolimari.cl\/wp-content\/uploads\/2021\/07\/5.7-sag-300x210.jpg 300w, https:\/\/www.radiolimari.cl\/wp-content\/uploads\/2021\/07\/5.7-sag-1024x717.jpg 1024w, https:\/\/www.radiolimari.cl\/wp-content\/uploads\/2021\/07\/5.7-sag.jpg 1496w\" sizes=\"(max-width: 300px) 100vw, 300px\" \/><\/a><\/p>\n<p><em>A trav\u00e9s de las encuestas el Servicio Agr\u00edcola y Ganadero se encuentra evaluando el nivel de conocimiento de los usuarios referente a Trazabilidad Animal y Correcto Uso de Plaguicidas.<\/em><!--more--><\/p>\n<p>A trav\u00e9s de una visita a usuarios junto al Gobernador Provincial de Choapa, Juan Pablo G\u00e1lvez, y el Director Regional del SAG, Jorge Navarro, funcionarios del Servicio Agr\u00edcola y Ganadero (SAG), del Ministerio de Agricultura, realizaron la etapa correspondiente a la aplicaci\u00f3n de encuestas a los usuarios, de acuerdo a lo establecido en el programa \u201cFiscalizaci\u00f3n con Sentido\u201d que se encuentra ejecutando el Servicio con el objetivo disminuir las dificultades que presentan algunos usuarios para cumplir con los requerimientos y normativas que exige el SAG en materia de trazabilidad animal y uso de plaguicidas.<\/p>\n<p>&nbsp;<\/p>\n<p>De acuerdo a lo que explica el Director Regional del SAG Jorge Navarro \u201cel programa se encuentra dirigido principalmente a la agricultura familiar campesina, el objetivo es que los peque\u00f1os productores, que muchas veces tienen m\u00e1s dificultades para acceder a la informaci\u00f3n por problemas de conectividad o carencia de los medios necesarios, puedan conocer de cerca el alcance de las normas que deben cumplir en el marco de la acci\u00f3n del SAG\u201d.<\/p>\n<p>En la ocasi\u00f3n el Gobernador Provincial de Choapa, Juan Pablo G\u00e1lvez, se refiri\u00f3 a la importancia del programa ya que \u201chace part\u00edcipe a todos los usuarios de una nueva forma de poder fiscalizar, de una manera m\u00e1s amigable y que nos permite a nosotros tener m\u00e1s informaci\u00f3n respecto a los crianceros, ganaderos y campesinos, lo que nos deja muy contentos de esta forma innovadora de hacer fiscalizaci\u00f3n, que es mucho m\u00e1s amigable y nos permite estar m\u00e1s cerca de la ciudadan\u00eda\u201d.<\/p>\n<p>El Seremi de Agricultura, Rodrigo \u00d3rdenes, agreg\u00f3 que \u201cuno de los objetivos principales que hemos tenido como Gobierno es acercarnos a las personas, conscientes de que existen grandes brechas entre el mundo rural y el urbano, en el cual muchas veces en el campo las personas no tienen acceso para poder actualizarse con las normativas. Es por ello que el SAG busc\u00f3 las v\u00edas para generar un acercamiento y entregar conocimiento a personas que no tienen un f\u00e1cil acceso a la informaci\u00f3n, de esa manera es que naci\u00f3 Fiscalizaci\u00f3n con Sentido\u201d.<\/p>\n<p>&nbsp;<\/p>\n<p>El usuario del programa Fiscalizaci\u00f3n con Sentido de la localidad de Mincha Norte en la comuna de Canela, Ismael Pereira, respecto del programa, se\u00f1al\u00f3 encontrarse contento con su desarrollo, ya que \u201cuno se informa de estas normativas que a veces uno no tiene tan claro, por lo que adem\u00e1s me sirvi\u00f3 para realizar algunas consultas que ten\u00eda. Me gust\u00f3 mucho el programa porque as\u00ed uno sabe c\u00f3mo hacer los tr\u00e1mites\u201d.<\/p>\n<p>Los temas que abordar\u00e1 el SAG, dado que son en los que se han detectado las mayores brechas, son Trazabilidad Animal y Correcto Uso de Plaguicidas. Este a\u00f1o en la regi\u00f3n de Coquimbo el SAG se encuentra ejecutando el programa en la provincia del Choapa, espec\u00edficamente, en las localidades de Huintil, C\u00e1rcamo, Las Cocineras y Mincha Norte, sectores en los que se espera llegar a alrededor de 25 usuarios.<\/p>\n<p>&nbsp;<\/p>\n","protected":false},"excerpt":{"rendered":"<p>A trav\u00e9s de las encuestas el Servicio Agr\u00edcola y Ganadero se encuentra evaluando el nivel de conocimiento de los usuarios referente a Trazabilidad Animal y Correcto Uso de Plaguicidas.<\/p>\n","protected":false},"author":2,"featured_media":5369,"comment_status":"open","ping_status":"open","sticky":false,"template":"","format":"standard","meta":{"footnotes":""},"categories":[6],"tags":[],"class_list":["post-5368","post","type-post","status-publish","format-standard","has-post-thumbnail","hentry","category-regionales"],"_links":{"self":[{"href":"https:\/\/www.radiolimari.cl\/index.php?rest_route=\/wp\/v2\/posts\/5368","targetHints":{"allow":["GET"]}}],"collection":[{"href":"https:\/\/www.radiolimari.cl\/index.php?rest_route=\/wp\/v2\/posts"}],"about":[{"href":"https:\/\/www.radiolimari.cl\/index.php?rest_route=\/wp\/v2\/types\/post"}],"author":[{"embeddable":true,"href":"https:\/\/www.radiolimari.cl\/index.php?rest_route=\/wp\/v2\/users\/2"}],"replies":[{"embeddable":true,"href":"https:\/\/www.radiolimari.cl\/index.php?rest_route=%2Fwp%2Fv2%2Fcomments&post=5368"}],"version-history":[{"count":1,"href":"https:\/\/www.radiolimari.cl\/index.php?rest_route=\/wp\/v2\/posts\/5368\/revisions"}],"predecessor-version":[{"id":5370,"href":"https:\/\/www.radiolimari.cl\/index.php?rest_route=\/wp\/v2\/posts\/5368\/revisions\/5370"}],"wp:featuredmedia":[{"embeddable":true,"href":"https:\/\/www.radiolimari.cl\/index.php?rest_route=\/wp\/v2\/media\/5369"}],"wp:attachment":[{"href":"https:\/\/www.radiolimari.cl\/index.php?rest_route=%2Fwp%2Fv2%2Fmedia&parent=5368"}],"wp:term":[{"taxonomy":"category","embeddable":true,"href":"https:\/\/www.radiolimari.cl\/index.php?rest_route=%2Fwp%2Fv2%2Fcategories&post=5368"},{"taxonomy":"post_tag","embeddable":true,"href":"https:\/\/www.radiolimari.cl\/index.php?rest_route=%2Fwp%2Fv2%2Ftags&post=5368"}],"curies":[{"name":"wp","href":"https:\/\/api.w.org\/{rel}","templated":true}]}}