{"id":5350,"date":"2021-07-01T16:33:14","date_gmt":"2021-07-01T16:33:14","guid":{"rendered":"http:\/\/www.radiolimari.cl\/?p=5350"},"modified":"2021-07-01T16:33:14","modified_gmt":"2021-07-01T16:33:14","slug":"heladas-y-bajas-temperaturas-se-experimentaran-en-valles-interiores-y-valles-costeros","status":"publish","type":"post","link":"https:\/\/www.radiolimari.cl\/?p=5350","title":{"rendered":"Heladas y bajas temperaturas se experimentar\u00e1n en valles interiores y valles costeros"},"content":{"rendered":"<p><a href=\"https:\/\/www.radiolimari.cl\/wp-content\/uploads\/2021\/06\/ceaza-2021.png\"><img fetchpriority=\"high\" decoding=\"async\" class=\"alignnone size-full wp-image-5301\" src=\"https:\/\/www.radiolimari.cl\/wp-content\/uploads\/2021\/06\/ceaza-2021.png\" alt=\"ceaza 2021\" width=\"294\" height=\"225\" \/><\/a><\/p>\n<p><span style=\"font-weight: 600; color: #000000;\">De acuerdo al \u00e1rea meteorol\u00f3gica del CEAZA, para el viernes 2 de julio se pronostican bajas temperaturas y heladas en los valles interiores de la Regi\u00f3n de Coquimbo y en los valles del secano costero de la provincia de Limar\u00ed. Junto a ello tambi\u00e9n se registrar\u00e1n heladas superficiales en los valles del secano costero de las provincias de Elqui y de Choapa.<\/span><!--more--><\/p>\n<p style=\"font-weight: 600; color: #000000;\">Cabe mencionar que el CEAZA hab\u00eda pronosticado heladas para valles interiores, y ahora este pron\u00f3stico se extiende a los valles del secano costero, por lo que las heladas y bajas temperaturas estar\u00e1n presentes en un \u00e1rea mucho mayor.<\/p>\n<p style=\"font-weight: 600; color: #000000;\">Luis Mu\u00f1oz, meteor\u00f3logo del Centro Cient\u00edfico CEAZA explica que \u201ccon temperaturas m\u00ednimas entre los 0\u00baC y 2\u00baC se puede observar escarcha al nivel del suelo, ya que al nivel del suelo las temperaturas m\u00ednimas son cerca de 2\u00baC menores que a 1,5 metros del suelo, que es donde est\u00e1n los term\u00f3metros de las estaciones meteorol\u00f3gicas. A esto se le conoce como \u201chelada superficial\u201d o \u201chelada agron\u00f3mica\u201d\u201d.<\/p>\n<p style=\"font-weight: 600; color: #000000;\">A continuaci\u00f3n se entrega informaci\u00f3n detallada en relaci\u00f3n a las temperaturas:<\/p>\n<p><img decoding=\"async\" src=\"http:\/\/www.ceaza.cl\/wp-content\/uploads\/2021\/07\/heladas-viernes-2.png\" alt=\"\" \/><\/p>\n<p><a style=\"font-weight: normal; color: #c5d000;\" href=\"http:\/\/www.ceaza.cl\/wp-content\/uploads\/2021\/07\/heladas-viernes-2.png\">Para mayor detalle del pron\u00f3stico del tiempo en la Regi\u00f3n de Coquimbo recuerda visitar la p\u00e1gina web del laboratorio de Meteorolog\u00eda del CEAZA:\u00a0http:\/\/www.ceazamet.cl\/index.php?pag=mod_pronostico&amp;p_cod=ceazamet<\/a><\/p>\n","protected":false},"excerpt":{"rendered":"<p>De acuerdo al \u00e1rea meteorol\u00f3gica del CEAZA, para el viernes 2 de julio se pronostican bajas temperaturas y heladas en los valles interiores de la Regi\u00f3n de Coquimbo y en los valles del secano costero de la provincia de Limar\u00ed. Junto a ello tambi\u00e9n se registrar\u00e1n heladas superficiales en los valles del secano costero de &#8230;<\/p>\n","protected":false},"author":2,"featured_media":5301,"comment_status":"open","ping_status":"open","sticky":false,"template":"","format":"standard","meta":{"footnotes":""},"categories":[3],"tags":[],"class_list":["post-5350","post","type-post","status-publish","format-standard","has-post-thumbnail","hentry","category-actualidad"],"_links":{"self":[{"href":"https:\/\/www.radiolimari.cl\/index.php?rest_route=\/wp\/v2\/posts\/5350","targetHints":{"allow":["GET"]}}],"collection":[{"href":"https:\/\/www.radiolimari.cl\/index.php?rest_route=\/wp\/v2\/posts"}],"about":[{"href":"https:\/\/www.radiolimari.cl\/index.php?rest_route=\/wp\/v2\/types\/post"}],"author":[{"embeddable":true,"href":"https:\/\/www.radiolimari.cl\/index.php?rest_route=\/wp\/v2\/users\/2"}],"replies":[{"embeddable":true,"href":"https:\/\/www.radiolimari.cl\/index.php?rest_route=%2Fwp%2Fv2%2Fcomments&post=5350"}],"version-history":[{"count":1,"href":"https:\/\/www.radiolimari.cl\/index.php?rest_route=\/wp\/v2\/posts\/5350\/revisions"}],"predecessor-version":[{"id":5351,"href":"https:\/\/www.radiolimari.cl\/index.php?rest_route=\/wp\/v2\/posts\/5350\/revisions\/5351"}],"wp:featuredmedia":[{"embeddable":true,"href":"https:\/\/www.radiolimari.cl\/index.php?rest_route=\/wp\/v2\/media\/5301"}],"wp:attachment":[{"href":"https:\/\/www.radiolimari.cl\/index.php?rest_route=%2Fwp%2Fv2%2Fmedia&parent=5350"}],"wp:term":[{"taxonomy":"category","embeddable":true,"href":"https:\/\/www.radiolimari.cl\/index.php?rest_route=%2Fwp%2Fv2%2Fcategories&post=5350"},{"taxonomy":"post_tag","embeddable":true,"href":"https:\/\/www.radiolimari.cl\/index.php?rest_route=%2Fwp%2Fv2%2Ftags&post=5350"}],"curies":[{"name":"wp","href":"https:\/\/api.w.org\/{rel}","templated":true}]}}