{"id":5347,"date":"2021-07-01T16:27:30","date_gmt":"2021-07-01T16:27:30","guid":{"rendered":"http:\/\/www.radiolimari.cl\/?p=5347"},"modified":"2021-07-01T16:28:45","modified_gmt":"2021-07-01T16:28:45","slug":"mas-de-294-mil-hogares-de-la-region-de-coquimbo-recibiran-el-primer-pago-del-ife-universal","status":"publish","type":"post","link":"https:\/\/www.radiolimari.cl\/?p=5347","title":{"rendered":"M\u00e1s de 294 mil hogares de la Regi\u00f3n de Coquimbo  recibir\u00e1n el primer pago del IFE Universal"},"content":{"rendered":"<p><a href=\"https:\/\/www.radiolimari.cl\/wp-content\/uploads\/2021\/07\/1.7-ife.jpg\"><img fetchpriority=\"high\" decoding=\"async\" class=\"alignnone size-medium wp-image-5348\" src=\"https:\/\/www.radiolimari.cl\/wp-content\/uploads\/2021\/07\/1.7-ife-300x225.jpg\" alt=\"1.7 ife\" width=\"300\" height=\"225\" srcset=\"https:\/\/www.radiolimari.cl\/wp-content\/uploads\/2021\/07\/1.7-ife-300x225.jpg 300w, https:\/\/www.radiolimari.cl\/wp-content\/uploads\/2021\/07\/1.7-ife-1024x768.jpg 1024w\" sizes=\"(max-width: 300px) 100vw, 300px\" \/><\/a><\/p>\n<p><strong>En tanto, a nivel pa\u00eds, m\u00e1s de 6,8 millones de hogares ser\u00e1n beneficiados con este primer pago, el que adem\u00e1s ir\u00e1 en aumento con el grupo de hogares que solicitaron el beneficio entre el 21 y 30 de junio, adem\u00e1s de quienes no han concluido su tramitaci\u00f3n de ingreso al Registro Social de Hogares.<\/strong><!--more--><\/p>\n<p>En el sector Villa El Indio en La Serena, autoridades regionales encabezaron un operativo de IFE Universal para inscribir a personas que no han realizado el tr\u00e1mite o guiar a quienes tienen dudas sobre el inicio de los pagos correspondientes al aporte de junio de este beneficio del Gobierno para hacer frente a las consecuencias econ\u00f3micas de la pandemia.<\/p>\n<p>Al respecto, el Intendente (s) de Coquimbo, Iv\u00e1n Espinoza, explic\u00f3 que \u201ctal como lo ha anunciado el Presidente de la Rep\u00fablica, ha comenzado el pago del Ingreso Familiar de Emergencia Universal que llegar\u00e1 en nuestra regi\u00f3n a m\u00e1s de 294 mil hogares equivalente a m\u00e1s de 666 mil personas. Hay que recordar que la mayor\u00eda de los beneficiarios recibe el pago de manera autom\u00e1tica a su cuenta bancaria, mientras que quienes lo reciben de manera presencial comenzar\u00e1 a pagarse el 2 de julio\u201d.<\/p>\n<p>\u201cQuisiera destacar que esta ayuda llega al 100% de los chilenos que cuenta con Registro Social de Hogares en un gran esfuerzo fiscal en ayuda a las familias chilenas. Con este aporte ninguna familia quedar\u00e1 bajo la l\u00ednea de la pobreza, un alivio en estos tiempos de pandemia que ha afectado la salud, pero tambi\u00e9n el bolsillo de las personas\u201d. Concluy\u00f3 Espinoza.<\/p>\n<p>Por su parte, el Seremi de Desarrollo Social y Familia, Marcelo Telias, destac\u00f3 \u201cel despliegue en terreno que hemos realizado para acercar el beneficio a las familias. Hemos estado en diferentes lugares de nuestra regi\u00f3n con el equipo de nuestra secretar\u00eda regional para facilitar este tr\u00e1mite de solicitud, y as\u00ed lograr que este apoyo de la Red de Protecci\u00f3n Social llegue a los hogares que m\u00e1s lo necesitan en la dif\u00edcil situaci\u00f3n de pandemia que estamos viviendo\u201d.<\/p>\n<p>En la Regi\u00f3n de Coquimbo, 260.555 fueron beneficiados de forma autom\u00e1tica y 33.816 hogares reciben el aporte por haber postulado entre el 5 y 15 de junio, llegando a un total de 294.371 familias, equivalentes al 4,3% del total nacional.<\/p>\n<p>En tal sentido, el Seremi de Gobierno, Ignacio Pinto, recalc\u00f3 que \u201chace m\u00e1s de un a\u00f1o, que estamos implementando el Ingreso Familiar de Emergencia (IFE), que es parte de una red de protecci\u00f3n social que ha estado permanentemente fortaleci\u00e9ndose, ampli\u00e1ndose para llegar a m\u00e1s familias y para apoyarlas con sus necesidades. Hoy, a trav\u00e9s del IFE Universal, estamos ampliando la cantidad de beneficiarios, los que podr\u00edan llegar a 691 mil en la Regi\u00f3n de Coquimbo tras el segundo plazo de inscripci\u00f3n. Hemos incrementado el aporte de recursos para cumplir con el compromiso de nuestro Gobierno: continuar apoyando a quienes m\u00e1s lo necesitan durante la pandemia\u201d.<\/p>\n<p>De esta forma, se incorporar\u00e1n las personas que solicitan el beneficio entre el 21 y el 30 de junio, adem\u00e1s de aquellos que al momento de postular no ten\u00edan su Registro Social de Hogares, quienes recibir\u00e1n el pago de junio de manera retroactiva en cuanto se finalice su proceso de ingreso a dicho registro. Es importante destacar que en <a href=\"http:\/\/www.ingresodeemergencia.cl\">www.ingresodeemergencia.cl<\/a> se puede revisar la fecha y forma de pago del beneficio.<\/p>\n<p>Cabe destacar, que en el operativo se otorg\u00f3 apoyo a un gran n\u00famero de adultos mayores del sector para realizar su inscripci\u00f3n al beneficio, hecho que fue destacado por el Coordinador Regional de SENAMA, Pablo Elgueta: \u201cEs muy importante estar ac\u00e1 en terreno con la comunidad y de manera muy especial con nuestros adultos mayores. Sabemos que donde hay menor cantidad de hogares es en el grupo de los adultos mayores, por eso estamos junto a la Seremi de Desarrollo Social reforzando el trabajo en terreno para que se inscriban en este beneficio\u201d.<\/p>\n<p>En cuanto al monto total desembolsado a nivel pa\u00eds, con este primer corte de beneficiarios hasta el momento este IFE Universal significa un costo fiscal de US $2.782 millones, superando en 62,5% el monto desembolsado en el mes pasado.<\/p>\n<p>&nbsp;<\/p>\n<p>&nbsp;<\/p>\n<p>&nbsp;<\/p>\n<p>&nbsp;<\/p>\n","protected":false},"excerpt":{"rendered":"<p>En tanto, a nivel pa\u00eds, m\u00e1s de 6,8 millones de hogares ser\u00e1n beneficiados con este primer pago, el que adem\u00e1s ir\u00e1 en aumento con el grupo de hogares que solicitaron el beneficio entre el 21 y 30 de junio, adem\u00e1s de quienes no han concluido su tramitaci\u00f3n de ingreso al Registro Social de Hogares.<\/p>\n","protected":false},"author":2,"featured_media":5348,"comment_status":"open","ping_status":"open","sticky":false,"template":"","format":"standard","meta":{"footnotes":""},"categories":[6],"tags":[],"class_list":["post-5347","post","type-post","status-publish","format-standard","has-post-thumbnail","hentry","category-regionales"],"_links":{"self":[{"href":"https:\/\/www.radiolimari.cl\/index.php?rest_route=\/wp\/v2\/posts\/5347","targetHints":{"allow":["GET"]}}],"collection":[{"href":"https:\/\/www.radiolimari.cl\/index.php?rest_route=\/wp\/v2\/posts"}],"about":[{"href":"https:\/\/www.radiolimari.cl\/index.php?rest_route=\/wp\/v2\/types\/post"}],"author":[{"embeddable":true,"href":"https:\/\/www.radiolimari.cl\/index.php?rest_route=\/wp\/v2\/users\/2"}],"replies":[{"embeddable":true,"href":"https:\/\/www.radiolimari.cl\/index.php?rest_route=%2Fwp%2Fv2%2Fcomments&post=5347"}],"version-history":[{"count":1,"href":"https:\/\/www.radiolimari.cl\/index.php?rest_route=\/wp\/v2\/posts\/5347\/revisions"}],"predecessor-version":[{"id":5349,"href":"https:\/\/www.radiolimari.cl\/index.php?rest_route=\/wp\/v2\/posts\/5347\/revisions\/5349"}],"wp:featuredmedia":[{"embeddable":true,"href":"https:\/\/www.radiolimari.cl\/index.php?rest_route=\/wp\/v2\/media\/5348"}],"wp:attachment":[{"href":"https:\/\/www.radiolimari.cl\/index.php?rest_route=%2Fwp%2Fv2%2Fmedia&parent=5347"}],"wp:term":[{"taxonomy":"category","embeddable":true,"href":"https:\/\/www.radiolimari.cl\/index.php?rest_route=%2Fwp%2Fv2%2Fcategories&post=5347"},{"taxonomy":"post_tag","embeddable":true,"href":"https:\/\/www.radiolimari.cl\/index.php?rest_route=%2Fwp%2Fv2%2Ftags&post=5347"}],"curies":[{"name":"wp","href":"https:\/\/api.w.org\/{rel}","templated":true}]}}