{"id":5344,"date":"2021-06-28T04:19:31","date_gmt":"2021-06-28T04:19:31","guid":{"rendered":"http:\/\/www.radiolimari.cl\/?p=5344"},"modified":"2021-06-28T04:19:31","modified_gmt":"2021-06-28T04:19:31","slug":"alcaldes-de-la-provincia-de-limari-inician-este-lunes-su-periodo-2021-2024","status":"publish","type":"post","link":"https:\/\/www.radiolimari.cl\/?p=5344","title":{"rendered":"Alcaldes de la Provincia de Limari inician este Lunes  su periodo 2021-2024"},"content":{"rendered":"<p><a href=\"https:\/\/www.radiolimari.cl\/wp-content\/uploads\/2021\/06\/alcalde-y-alcaldesa-e.jpg\"><img fetchpriority=\"high\" decoding=\"async\" class=\"alignnone size-medium wp-image-5189\" src=\"https:\/\/www.radiolimari.cl\/wp-content\/uploads\/2021\/06\/alcalde-y-alcaldesa-e-300x225.jpg\" alt=\"alcalde y alcaldesa e\" width=\"300\" height=\"225\" srcset=\"https:\/\/www.radiolimari.cl\/wp-content\/uploads\/2021\/06\/alcalde-y-alcaldesa-e-300x225.jpg 300w, https:\/\/www.radiolimari.cl\/wp-content\/uploads\/2021\/06\/alcalde-y-alcaldesa-e-1024x768.jpg 1024w\" sizes=\"(max-width: 300px) 100vw, 300px\" \/><\/a><\/p>\n<p>&nbsp;<\/p>\n<p>Una alcaldesa y 4 alcaldes durante esta jornada de lunes inician su periodo 2021-2024, autoridades que triunfaron en las elecciones municipales del pasado 15 y 16 de mayo<!--more--><\/p>\n<p>En la comuna de R\u00edo Hurtado asume Juana Olivares De La Rivera; en Monte Patria Cristian Herrera Pe\u00f1a, en Punitaqui , Carlos Araya Bugue\u00f1o; en Combarbal\u00e1 Pedro Castillo D\u00edaz y en\u00a0 Ovalle Claudio Renteria Larrondo.<\/p>\n<p>&nbsp;<\/p>\n<p>&nbsp;<\/p>\n","protected":false},"excerpt":{"rendered":"<p>&nbsp; Una alcaldesa y 4 alcaldes durante esta jornada de lunes inician su periodo 2021-2024, autoridades que triunfaron en las elecciones municipales del pasado 15 y 16 de mayo<\/p>\n","protected":false},"author":2,"featured_media":5189,"comment_status":"open","ping_status":"open","sticky":false,"template":"","format":"standard","meta":{"footnotes":""},"categories":[5],"tags":[],"class_list":["post-5344","post","type-post","status-publish","format-standard","has-post-thumbnail","hentry","category-actualidad-limarina"],"_links":{"self":[{"href":"https:\/\/www.radiolimari.cl\/index.php?rest_route=\/wp\/v2\/posts\/5344","targetHints":{"allow":["GET"]}}],"collection":[{"href":"https:\/\/www.radiolimari.cl\/index.php?rest_route=\/wp\/v2\/posts"}],"about":[{"href":"https:\/\/www.radiolimari.cl\/index.php?rest_route=\/wp\/v2\/types\/post"}],"author":[{"embeddable":true,"href":"https:\/\/www.radiolimari.cl\/index.php?rest_route=\/wp\/v2\/users\/2"}],"replies":[{"embeddable":true,"href":"https:\/\/www.radiolimari.cl\/index.php?rest_route=%2Fwp%2Fv2%2Fcomments&post=5344"}],"version-history":[{"count":1,"href":"https:\/\/www.radiolimari.cl\/index.php?rest_route=\/wp\/v2\/posts\/5344\/revisions"}],"predecessor-version":[{"id":5345,"href":"https:\/\/www.radiolimari.cl\/index.php?rest_route=\/wp\/v2\/posts\/5344\/revisions\/5345"}],"wp:featuredmedia":[{"embeddable":true,"href":"https:\/\/www.radiolimari.cl\/index.php?rest_route=\/wp\/v2\/media\/5189"}],"wp:attachment":[{"href":"https:\/\/www.radiolimari.cl\/index.php?rest_route=%2Fwp%2Fv2%2Fmedia&parent=5344"}],"wp:term":[{"taxonomy":"category","embeddable":true,"href":"https:\/\/www.radiolimari.cl\/index.php?rest_route=%2Fwp%2Fv2%2Fcategories&post=5344"},{"taxonomy":"post_tag","embeddable":true,"href":"https:\/\/www.radiolimari.cl\/index.php?rest_route=%2Fwp%2Fv2%2Ftags&post=5344"}],"curies":[{"name":"wp","href":"https:\/\/api.w.org\/{rel}","templated":true}]}}