{"id":5341,"date":"2021-06-28T03:47:28","date_gmt":"2021-06-28T03:47:28","guid":{"rendered":"http:\/\/www.radiolimari.cl\/?p=5341"},"modified":"2021-06-28T03:47:28","modified_gmt":"2021-06-28T03:47:28","slug":"invitan-a-agentes-culturales-escolares-de-la-region-de-coquimbo-a-participar-del-proyecto-entra-en-escena","status":"publish","type":"post","link":"https:\/\/www.radiolimari.cl\/?p=5341","title":{"rendered":"Invitan a agentes culturales escolares de la regi\u00f3n de Coquimbo a participar del proyecto Entra en escena."},"content":{"rendered":"<p><a href=\"https:\/\/www.radiolimari.cl\/wp-content\/uploads\/2021\/06\/27.6-Entra-en-escena-1.jpg\"><img fetchpriority=\"high\" decoding=\"async\" class=\"alignnone size-medium wp-image-5342\" src=\"https:\/\/www.radiolimari.cl\/wp-content\/uploads\/2021\/06\/27.6-Entra-en-escena-1-300x300.jpg\" alt=\"27.6 Entra en escena 1\" width=\"300\" height=\"300\" srcset=\"https:\/\/www.radiolimari.cl\/wp-content\/uploads\/2021\/06\/27.6-Entra-en-escena-1-300x300.jpg 300w, https:\/\/www.radiolimari.cl\/wp-content\/uploads\/2021\/06\/27.6-Entra-en-escena-1-150x150.jpg 150w, https:\/\/www.radiolimari.cl\/wp-content\/uploads\/2021\/06\/27.6-Entra-en-escena-1-1024x1024.jpg 1024w, https:\/\/www.radiolimari.cl\/wp-content\/uploads\/2021\/06\/27.6-Entra-en-escena-1-70x70.jpg 70w, https:\/\/www.radiolimari.cl\/wp-content\/uploads\/2021\/06\/27.6-Entra-en-escena-1.jpg 1620w\" sizes=\"(max-width: 300px) 100vw, 300px\" \/><\/a><\/p>\n<p>Esta iniciativa formativa est\u00e1 destinada a <strong><em>agentes culturales escolares<\/em><\/strong> de toda la regi\u00f3n de Coquimbo, personas que actualmente trabajan en establecimientos educacionales o est\u00e1n pr\u00f3ximos a hacerlo, y que tienen inter\u00e9s por el desarrollo cultural al interior de sus escuelas y por la inserci\u00f3n de las artes esc\u00e9nicas dentro de la vida cultural escolar. <!--more--><\/p>\n<p>Como forma de potenciar el quehacer cultural de las comunidades escolares de la regi\u00f3n de Coquimbo y a la vez vincular el trabajo de artistas y agentes esc\u00e9nicos de la zona con los establecimientos educacionales, el Colectivo Palillos, integrado por gestores culturales de la regi\u00f3n de Coquimbo, invita a participar del proyecto <strong>Entra en escena, espacios de aprendizaje en lo esc\u00e9nico<\/strong>, el cual ser\u00e1 ejecutado este a\u00f1o de la mano de diversos profesionales del sector cultural regional gracias al financiamiento del Fondo Nacional de Artes Esc\u00e9nicas 2021 y al patrocinio del Centro Cultural Palace de Coquimbo y Teatro Puerto de la ciudad de La Serena.<\/p>\n<p>Esta iniciativa formativa est\u00e1 destinada a <strong><em>agentes culturales escolares<\/em><\/strong> de toda la regi\u00f3n de Coquimbo, personas que actualmente trabajan en establecimientos educacionales o est\u00e1n pr\u00f3ximos a hacerlo, y que tienen inter\u00e9s por el desarrollo cultural al interior de sus escuelas y por la inserci\u00f3n de las artes esc\u00e9nicas dentro de la vida cultural escolar. Seg\u00fan Carlos A. Ibacache, productor de la iniciativa, \u201cpor medio de este proyecto buscamos generar espacios, f\u00edsicos y virtuales, para que las y los agentes culturales escolares de diversas escuelas puedan conocer y vincularse con el mundo cultural y esc\u00e9nico local, a fin de que estos nuevos conocimientos y contactos que se logren generar ayuden en un futuro a potenciar la vida cultural en las escuelas, acercando a sus integrantes a las artes esc\u00e9nicas y promoviendo el desarrollo de proyectos colaborativos en cada comunidad\u201d.<\/p>\n<p>Es as\u00ed como el programa del proyecto contemplar\u00e1 diversas actividades formativas gratuitas que se ejecutar\u00e1n el segundo semestre de este a\u00f1o, como talleres virtuales sobre gesti\u00f3n y producci\u00f3n cultural, conversatorios, instancias de encuentro para el intercambio de experiencias, visitas guiadas a centros culturales y talleres presenciales de experimentaci\u00f3n esc\u00e9nica, ejecutando \u201cuna diversidad de espacios de aprendizaje y encuentro que aporten al desarrollo de v\u00ednculos de todas y todos los participantes\u201d agreg\u00f3 Ibacache. Cabe destacar que las actividades presenciales que est\u00e1n contempladas ser\u00e1n realizadas mientras las condiciones sanitarias lo permitan y cumpliendo con todas las medidas sanitarias correspondientes.<\/p>\n<p>Las postulaciones ya se encuentran abiertas en el sitio web <a href=\"http:\/\/www.entraenescena.cl\">www.entraenescena.cl<\/a> y se extender\u00e1n hasta el 30 de julio, por lo que se hace un llamado a profesoras, profesores, directivos, educadores de p\u00e1rvulos, asistentes de la educaci\u00f3n, otros trabajadores escolares, apoderados, estudiantes de ense\u00f1anza media e incluso estudiantes de pedagog\u00eda de \u00faltimos a\u00f1os de carrera que tengan inter\u00e9s por el quehacer cultural en las escuelas, a inscribirse y participar de este programa formativo.<\/p>\n<p>Mayor informaci\u00f3n en sitio web o instagram @entra_en_escena.<\/p>\n","protected":false},"excerpt":{"rendered":"<p>Esta iniciativa formativa est\u00e1 destinada a agentes culturales escolares de toda la regi\u00f3n de Coquimbo, personas que actualmente trabajan en establecimientos educacionales o est\u00e1n pr\u00f3ximos a hacerlo, y que tienen inter\u00e9s por el desarrollo cultural al interior de sus escuelas y por la inserci\u00f3n de las artes esc\u00e9nicas dentro de la vida cultural escolar.<\/p>\n","protected":false},"author":2,"featured_media":5342,"comment_status":"open","ping_status":"open","sticky":false,"template":"","format":"standard","meta":{"footnotes":""},"categories":[6],"tags":[],"class_list":["post-5341","post","type-post","status-publish","format-standard","has-post-thumbnail","hentry","category-regionales"],"_links":{"self":[{"href":"https:\/\/www.radiolimari.cl\/index.php?rest_route=\/wp\/v2\/posts\/5341","targetHints":{"allow":["GET"]}}],"collection":[{"href":"https:\/\/www.radiolimari.cl\/index.php?rest_route=\/wp\/v2\/posts"}],"about":[{"href":"https:\/\/www.radiolimari.cl\/index.php?rest_route=\/wp\/v2\/types\/post"}],"author":[{"embeddable":true,"href":"https:\/\/www.radiolimari.cl\/index.php?rest_route=\/wp\/v2\/users\/2"}],"replies":[{"embeddable":true,"href":"https:\/\/www.radiolimari.cl\/index.php?rest_route=%2Fwp%2Fv2%2Fcomments&post=5341"}],"version-history":[{"count":1,"href":"https:\/\/www.radiolimari.cl\/index.php?rest_route=\/wp\/v2\/posts\/5341\/revisions"}],"predecessor-version":[{"id":5343,"href":"https:\/\/www.radiolimari.cl\/index.php?rest_route=\/wp\/v2\/posts\/5341\/revisions\/5343"}],"wp:featuredmedia":[{"embeddable":true,"href":"https:\/\/www.radiolimari.cl\/index.php?rest_route=\/wp\/v2\/media\/5342"}],"wp:attachment":[{"href":"https:\/\/www.radiolimari.cl\/index.php?rest_route=%2Fwp%2Fv2%2Fmedia&parent=5341"}],"wp:term":[{"taxonomy":"category","embeddable":true,"href":"https:\/\/www.radiolimari.cl\/index.php?rest_route=%2Fwp%2Fv2%2Fcategories&post=5341"},{"taxonomy":"post_tag","embeddable":true,"href":"https:\/\/www.radiolimari.cl\/index.php?rest_route=%2Fwp%2Fv2%2Ftags&post=5341"}],"curies":[{"name":"wp","href":"https:\/\/api.w.org\/{rel}","templated":true}]}}