{"id":5338,"date":"2021-06-28T03:35:23","date_gmt":"2021-06-28T03:35:23","guid":{"rendered":"http:\/\/www.radiolimari.cl\/?p=5338"},"modified":"2021-06-28T03:35:23","modified_gmt":"2021-06-28T03:35:23","slug":"tercer-seminario-entre-valles-educacion-intercultural-hacia-el-buen-vivir","status":"publish","type":"post","link":"https:\/\/www.radiolimari.cl\/?p=5338","title":{"rendered":"\u00abTercer Seminario Entre Valles: educaci\u00f3n intercultural hacia el Buen Vivir\u00bb"},"content":{"rendered":"<p><a href=\"https:\/\/www.radiolimari.cl\/wp-content\/uploads\/2021\/06\/27.6-museo-Educacio\u0301nInterculturalHaciaElBuenVivir_.png\"><img fetchpriority=\"high\" decoding=\"async\" class=\"alignnone size-medium wp-image-5339\" src=\"https:\/\/www.radiolimari.cl\/wp-content\/uploads\/2021\/06\/27.6-museo-Educacio\u0301nInterculturalHaciaElBuenVivir_-300x300.png\" alt=\"27.6 museo Educacio\u0301nInterculturalHaciaElBuenVivir_\" width=\"300\" height=\"300\" srcset=\"https:\/\/www.radiolimari.cl\/wp-content\/uploads\/2021\/06\/27.6-museo-Educacio\u0301nInterculturalHaciaElBuenVivir_-300x300.png 300w, https:\/\/www.radiolimari.cl\/wp-content\/uploads\/2021\/06\/27.6-museo-Educacio\u0301nInterculturalHaciaElBuenVivir_-150x150.png 150w, https:\/\/www.radiolimari.cl\/wp-content\/uploads\/2021\/06\/27.6-museo-Educacio\u0301nInterculturalHaciaElBuenVivir_-1024x1024.png 1024w, https:\/\/www.radiolimari.cl\/wp-content\/uploads\/2021\/06\/27.6-museo-Educacio\u0301nInterculturalHaciaElBuenVivir_-70x70.png 70w\" sizes=\"(max-width: 300px) 100vw, 300px\" \/><\/a><\/p>\n<p><span style=\"color: #222222;\">El<\/span><b style=\"color: #222222;\">\u00a0\u00abTercer Seminario Entre Valles: educaci\u00f3n intercultural hacia el Buen Vivir\u00bb,<\/b><span style=\"color: #222222;\">\u00a0organizado por la Agrupaci\u00f3n ind\u00edgena Antakari, con la colaboraci\u00f3n del Museo del Limar\u00ed y la Corporaci\u00f3n Cultural Municipal de Ovalle.<\/span><!--more--><\/p>\n<div style=\"color: #222222;\">La actividad se llevar\u00e1 a cabo de manera virtual los d\u00edas<b>\u00a029 y 30 de junio a las 15:00 horas\u00a0<\/b>a trav\u00e9s del canal de YouTube del Museo del Limar\u00ed. Podr\u00e1n inscribirse para recibir el link de conexi\u00f3n a su correo en el siguiente formulario web:\u00a0<a style=\"color: #1155cc;\" href=\"https:\/\/forms.gle\/rtdJwnGMwcnfvuP58\" target=\"_blank\" data-saferedirecturl=\"https:\/\/www.google.com\/url?q=https:\/\/forms.gle\/rtdJwnGMwcnfvuP58&amp;source=gmail&amp;ust=1624936373255000&amp;usg=AFQjCNHFrA40FJLoCGYEsJMrSpeYMRRlCQ\">https:\/\/forms.gle\/<wbr \/>rtdJwnGMwcnfvuP58<\/a><\/div>\n<div style=\"color: #222222;\"><\/div>\n<div style=\"color: #222222;\">A continuaci\u00f3n detallamos los expositores por d\u00eda.<\/div>\n<div style=\"color: #222222;\"><i>\u00a0<\/i><\/div>\n<div style=\"color: #222222;\"><i>Martes 29 de junio \u00a0<\/i><br \/>\nLuz Ximena Cabrera Gallardo, encargada del Programa de educaci\u00f3n intercultural biling\u00fce P.I.E.B. del Ministerio de Educaci\u00f3n, Regi\u00f3n de Coquimbo.<br \/>\nFrancisca Contreras Carvajal, encargada de desarrollo institucional, Museo del Limar\u00ed.<br \/>\nAndr\u00e9s Pasten Robles, educador de lengua y cultura ind\u00edgena del Pueblo Diaguita, Agrupaci\u00f3n \u00a0Ind\u00edgena \u00a0Antakari.<br \/>\nClaudio Millacura Salas, \u00a0profesor de estado y doctor en historia, Decano de la Facultad de Ciencias Sociales U.de Chile.<\/p>\n<p><i>Mi\u00e9rcoles \u00a030 de junio<\/i><br \/>\nBenito Aguirre Arredondo, educador tradicional Diaguita, Escuela Am\u00e9rica de Combarbal\u00e1, programa PEIB.<br \/>\nIv\u00e1n Aguilera \u00a0Barrios, educador tradicional Diaguita, Agrupaci\u00f3n Ayllu sin Fronteras Valle del Choapa.<br \/>\nAlicia Barraza Araya, profesora de Educaci\u00f3n Especial Diaguita, Agrupaci\u00f3n ind\u00edgena Antakari<br \/>\nLuis Urrelo Valdivia, educador del pueblo Quechua, Comunidad de Ollague.<\/div>\n","protected":false},"excerpt":{"rendered":"<p>El\u00a0\u00abTercer Seminario Entre Valles: educaci\u00f3n intercultural hacia el Buen Vivir\u00bb,\u00a0organizado por la Agrupaci\u00f3n ind\u00edgena Antakari, con la colaboraci\u00f3n del Museo del Limar\u00ed y la Corporaci\u00f3n Cultural Municipal de Ovalle.<\/p>\n","protected":false},"author":2,"featured_media":5339,"comment_status":"open","ping_status":"open","sticky":false,"template":"","format":"standard","meta":{"footnotes":""},"categories":[3],"tags":[],"class_list":["post-5338","post","type-post","status-publish","format-standard","has-post-thumbnail","hentry","category-actualidad"],"_links":{"self":[{"href":"https:\/\/www.radiolimari.cl\/index.php?rest_route=\/wp\/v2\/posts\/5338","targetHints":{"allow":["GET"]}}],"collection":[{"href":"https:\/\/www.radiolimari.cl\/index.php?rest_route=\/wp\/v2\/posts"}],"about":[{"href":"https:\/\/www.radiolimari.cl\/index.php?rest_route=\/wp\/v2\/types\/post"}],"author":[{"embeddable":true,"href":"https:\/\/www.radiolimari.cl\/index.php?rest_route=\/wp\/v2\/users\/2"}],"replies":[{"embeddable":true,"href":"https:\/\/www.radiolimari.cl\/index.php?rest_route=%2Fwp%2Fv2%2Fcomments&post=5338"}],"version-history":[{"count":1,"href":"https:\/\/www.radiolimari.cl\/index.php?rest_route=\/wp\/v2\/posts\/5338\/revisions"}],"predecessor-version":[{"id":5340,"href":"https:\/\/www.radiolimari.cl\/index.php?rest_route=\/wp\/v2\/posts\/5338\/revisions\/5340"}],"wp:featuredmedia":[{"embeddable":true,"href":"https:\/\/www.radiolimari.cl\/index.php?rest_route=\/wp\/v2\/media\/5339"}],"wp:attachment":[{"href":"https:\/\/www.radiolimari.cl\/index.php?rest_route=%2Fwp%2Fv2%2Fmedia&parent=5338"}],"wp:term":[{"taxonomy":"category","embeddable":true,"href":"https:\/\/www.radiolimari.cl\/index.php?rest_route=%2Fwp%2Fv2%2Fcategories&post=5338"},{"taxonomy":"post_tag","embeddable":true,"href":"https:\/\/www.radiolimari.cl\/index.php?rest_route=%2Fwp%2Fv2%2Ftags&post=5338"}],"curies":[{"name":"wp","href":"https:\/\/api.w.org\/{rel}","templated":true}]}}