{"id":5334,"date":"2021-06-28T03:28:36","date_gmt":"2021-06-28T03:28:36","guid":{"rendered":"http:\/\/www.radiolimari.cl\/?p=5334"},"modified":"2021-06-28T03:29:01","modified_gmt":"2021-06-28T03:29:01","slug":"exposicion-fotografica-sobre-alimentacion-ancestral-de-los-pueblos-indigenas-en-el-hospital-de-ovalle","status":"publish","type":"post","link":"https:\/\/www.radiolimari.cl\/?p=5334","title":{"rendered":"Exposici\u00f3n fotogr\u00e1fica sobre alimentaci\u00f3n ancestral de los pueblos ind\u00edgenas en el Hospital de Ovalle"},"content":{"rendered":"<p><a href=\"https:\/\/www.radiolimari.cl\/wp-content\/uploads\/2021\/06\/27.6-exposici\u00f3n-fotogr\u00e1fica-en-Hospital-de-Ovale-1.jpeg\"><img fetchpriority=\"high\" decoding=\"async\" class=\"alignnone size-medium wp-image-5335\" src=\"https:\/\/www.radiolimari.cl\/wp-content\/uploads\/2021\/06\/27.6-exposici\u00f3n-fotogr\u00e1fica-en-Hospital-de-Ovale-1-300x168.jpeg\" alt=\"27.6 exposici\u00f3n fotogr\u00e1fica en Hospital de Ovale (1)\" width=\"300\" height=\"168\" srcset=\"https:\/\/www.radiolimari.cl\/wp-content\/uploads\/2021\/06\/27.6-exposici\u00f3n-fotogr\u00e1fica-en-Hospital-de-Ovale-1-300x168.jpeg 300w, https:\/\/www.radiolimari.cl\/wp-content\/uploads\/2021\/06\/27.6-exposici\u00f3n-fotogr\u00e1fica-en-Hospital-de-Ovale-1-1024x576.jpeg 1024w, https:\/\/www.radiolimari.cl\/wp-content\/uploads\/2021\/06\/27.6-exposici\u00f3n-fotogr\u00e1fica-en-Hospital-de-Ovale-1.jpeg 1280w\" sizes=\"(max-width: 300px) 100vw, 300px\" \/><\/a><\/p>\n<p>La exposici\u00f3n fotogr\u00e1fica \u201cVestigios de una alimentaci\u00f3n ancestral \u00bfQu\u00e9 comieron nuestros antepasados?\u201d hace un recorrido por aquellos objetos arqueol\u00f3gicos que forman parte de las colecciones del Museo del Limar\u00ed <!--more--><\/p>\n<p>Con el objetivo de reforzar el sentido de pertenencia territorial del Hospital limarino y en el marco de la celebraci\u00f3n del a\u00f1o nuevo ind\u00edgena, la instituci\u00f3n de salud junto al Museo de Limar\u00ed, organizaron una muestra en los pasillos del nosocomio con fotograf\u00edas de piezas arqueol\u00f3gicas, que reflejan el estilo y las formas de alimentaci\u00f3n de pueblos ancestrales de la zona, iniciativa que busca acercar la cultura local a los usuarios y pacientes del recinto asistencial.<\/p>\n<p>La exposici\u00f3n fotogr\u00e1fica \u201cVestigios de una alimentaci\u00f3n ancestral \u00bfQu\u00e9 comieron nuestros antepasados?\u201d hace un recorrido por aquellos objetos arqueol\u00f3gicos que forman parte de las colecciones del Museo del Limar\u00ed y que est\u00e1n relacionados con las pr\u00e1cticas alimentarias que tuvieron las antiguas poblaciones que habitaron el actual territorio de la provincia y que a\u00fan forman parte de las tradiciones de su gente.<\/p>\n<p>El director del museo, Marcos Sandoval, coment\u00f3 que el trabajo conjunto entre ambas instituciones \u201ces muy importante, porque implica que el museo sale a la comunidad, en este caso al Hospital de Ovalle y el trabajo que se ha hecho de desarrollo e investigaci\u00f3n que ha realizado el equipo del museo m\u00e1s el equipo del hospital, implica que es un trabajo colaborativo entre ambas instituciones y que adem\u00e1s coincide con la celebraci\u00f3n del a\u00f1o nuevo ind\u00edgena\u201d.<\/p>\n<p>\u201cVestigios de una alimentaci\u00f3n ancestral\u201d es la tercera actividad del museo que se organiza en el hospital, por lo que Francisca Contreras, encargada de desarrollo institucional esta entidad, coment\u00f3 que \u201cesta exposici\u00f3n nace a trav\u00e9s de una solicitud que nos realiza el hospital de trabajar nuevamente en colaboraci\u00f3n para generar un espacio de cultura y patrimonio\u201d.<\/p>\n<p>La profesional explica que a trav\u00e9s de esta muestra \u201cpodemos hacernos una idea sobre c\u00f3mo era la dieta de quienes por primera vez recorrieron estos valles de costa a cordillera y dieron forma a diversas expresiones culturales\u201d. Se trata de utensilios y herramientas elaboradas con diferentes elementos existentes en el entorno natural, como puntas de proyectil talladas en piedra, posiblemente para la caza de animales; anzuelos de cobre para la pesca; o vasijas de greda destinadas a la cocci\u00f3n, consumo y almacenamiento de alimentos.<\/p>\n<p>Por su parte, el director (s) del Hospital de Ovalle, Dr. Juan Pablo Figueroa, coment\u00f3 que \u201ces muy importante para nosotros rescatar el sentido pertenencia de nuestro hospital y de la provincia, es por eso que en esta tercera muestra del museo en el hospital y estamos orgullosos de que las personas puedan conocer a nuestro museo y llevarlo a la comunidad\u201d.<\/p>\n<p>M\u00f3nica Astudillo, presidenta de la agrupaci\u00f3n diaguita Zapam Zukum, se mostr\u00f3 agradecida del rescate patrimonial y cultural de la actividad, enfatizando en que \u201csentimos que estamos conectados de distintas maneras con lo que es el espacio en donde est\u00e1 instalado el hospital, ya que este era un territorio que perteneci\u00f3 al antiguo cacique Tuqu\u00ed\u201d, antiguo l\u00edder diaguita reconocido por esta comunidad ancestral.<\/p>\n<p>La dirigente tambi\u00e9n agreg\u00f3 que con esta exposici\u00f3n la gente \u201cse van interiorizando de nuestra cultura e identidad ancestral que todav\u00eda tenemos arraigada en muchas acciones cotidianas\u201d. M\u00f3nica Astudillo igual explic\u00f3 ese mismo sentido que el recinto asistencial limarino \u201cha realizado un buen papel, ha sido un buen referente en ayudar a las comunidades en la revitalizaci\u00f3n de la identidad del pueblo diaguita\u201d.<\/p>\n","protected":false},"excerpt":{"rendered":"<p>La exposici\u00f3n fotogr\u00e1fica \u201cVestigios de una alimentaci\u00f3n ancestral \u00bfQu\u00e9 comieron nuestros antepasados?\u201d hace un recorrido por aquellos objetos arqueol\u00f3gicos que forman parte de las colecciones del Museo del Limar\u00ed<\/p>\n","protected":false},"author":2,"featured_media":5335,"comment_status":"open","ping_status":"open","sticky":false,"template":"","format":"standard","meta":{"footnotes":""},"categories":[5],"tags":[],"class_list":["post-5334","post","type-post","status-publish","format-standard","has-post-thumbnail","hentry","category-actualidad-limarina"],"_links":{"self":[{"href":"https:\/\/www.radiolimari.cl\/index.php?rest_route=\/wp\/v2\/posts\/5334","targetHints":{"allow":["GET"]}}],"collection":[{"href":"https:\/\/www.radiolimari.cl\/index.php?rest_route=\/wp\/v2\/posts"}],"about":[{"href":"https:\/\/www.radiolimari.cl\/index.php?rest_route=\/wp\/v2\/types\/post"}],"author":[{"embeddable":true,"href":"https:\/\/www.radiolimari.cl\/index.php?rest_route=\/wp\/v2\/users\/2"}],"replies":[{"embeddable":true,"href":"https:\/\/www.radiolimari.cl\/index.php?rest_route=%2Fwp%2Fv2%2Fcomments&post=5334"}],"version-history":[{"count":2,"href":"https:\/\/www.radiolimari.cl\/index.php?rest_route=\/wp\/v2\/posts\/5334\/revisions"}],"predecessor-version":[{"id":5337,"href":"https:\/\/www.radiolimari.cl\/index.php?rest_route=\/wp\/v2\/posts\/5334\/revisions\/5337"}],"wp:featuredmedia":[{"embeddable":true,"href":"https:\/\/www.radiolimari.cl\/index.php?rest_route=\/wp\/v2\/media\/5335"}],"wp:attachment":[{"href":"https:\/\/www.radiolimari.cl\/index.php?rest_route=%2Fwp%2Fv2%2Fmedia&parent=5334"}],"wp:term":[{"taxonomy":"category","embeddable":true,"href":"https:\/\/www.radiolimari.cl\/index.php?rest_route=%2Fwp%2Fv2%2Fcategories&post=5334"},{"taxonomy":"post_tag","embeddable":true,"href":"https:\/\/www.radiolimari.cl\/index.php?rest_route=%2Fwp%2Fv2%2Ftags&post=5334"}],"curies":[{"name":"wp","href":"https:\/\/api.w.org\/{rel}","templated":true}]}}