{"id":5331,"date":"2021-06-28T03:22:52","date_gmt":"2021-06-28T03:22:52","guid":{"rendered":"http:\/\/www.radiolimari.cl\/?p=5331"},"modified":"2021-06-28T03:22:52","modified_gmt":"2021-06-28T03:22:52","slug":"realizan-campana-de-prevencion-de-violencia-contra-la-mujer-en-campamento-la-varilla-de-la-serena","status":"publish","type":"post","link":"https:\/\/www.radiolimari.cl\/?p=5331","title":{"rendered":"Realizan campa\u00f1a de prevenci\u00f3n de Violencia Contra la Mujer en campamento La Varilla de La Serena"},"content":{"rendered":"<p><a href=\"https:\/\/www.radiolimari.cl\/wp-content\/uploads\/2021\/06\/27.6-sernameg.jpg\"><img fetchpriority=\"high\" decoding=\"async\" class=\"alignnone size-medium wp-image-5332\" src=\"https:\/\/www.radiolimari.cl\/wp-content\/uploads\/2021\/06\/27.6-sernameg-300x225.jpg\" alt=\"27.6 sernameg\" width=\"300\" height=\"225\" srcset=\"https:\/\/www.radiolimari.cl\/wp-content\/uploads\/2021\/06\/27.6-sernameg-300x225.jpg 300w, https:\/\/www.radiolimari.cl\/wp-content\/uploads\/2021\/06\/27.6-sernameg-1024x768.jpg 1024w, https:\/\/www.radiolimari.cl\/wp-content\/uploads\/2021\/06\/27.6-sernameg.jpg 1440w\" sizes=\"(max-width: 300px) 100vw, 300px\" \/><\/a><\/p>\n<p><em>Hombres y mujeres del populoso campamento pudieron ser parte de la campa\u00f1a de prevenci\u00f3n de Violencia de G\u00e9nero que lider\u00f3 la seremi de la Mujer, Iv\u00f3n Guerra.<\/em><!--more--><\/p>\n<p>Hasta el campamento La Varilla de las Compa\u00f1\u00edas en La Serena lleg\u00f3 la seremi de la Mujer y la Equidad de G\u00e9nero, Iv\u00f3n Guerra para dialogar con vecinos y vecinas del sector y al mismo tiempo reforzar la campa\u00f1a de prevenci\u00f3n de violencia de g\u00e9nero que lidera su Ministerio<\/p>\n<p>La autoridad dio a conocer el trabajo que realiza el\u00a0 Ministerio de la Mujer, los dispositivos con que cuenta SernamEG y difundi\u00f3 los canales de ayuda para testigos y v\u00edctimas de violencia de g\u00e9nero como lo es como el Fono Orientaci\u00f3n 1455 y el WhatsApp Mujer +569-700-7000<\/p>\n<p><strong>\u201cLlegamos hasta el Campamento La Varilla porque nuestro objetivo como Ministerio de la Mujer es arribar a todos los rincones de la regi\u00f3n y los campamentos son una realidad del pa\u00eds donde las pol\u00edticas p\u00fablicas tambi\u00e9n tienen que llegar. Por lo mismo, quisimos reforzar la campa\u00f1a de prevenci\u00f3n de violencia de g\u00e9nero aqu\u00ed donde viven miles de personas. Agradezco la buena recepci\u00f3n de las familias de La Varilla y reiteramos el llamado a denunciar todo acto de violencia contra las mujeres, porque ellas no est\u00e1n solas\u201d, <\/strong>explic\u00f3 la seremi de la Mujer, Iv\u00f3n Guerra<\/p>\n<p>Por su parte, Leticia Leyton que vive hace 9 a\u00f1os en el campamento, destac\u00f3 la iniciativa de la seremi, <strong>\u201cantes lamentablemente esto se callaba y no hab\u00eda ayuda para la mujer, por ejemplo a veces se recib\u00eda violencia psicol\u00f3gica y uno no se daba cuenta que era violencia\u00a0 ahora con el tiempo me di cuenta que s\u00ed era violencia psicol\u00f3gica, por lo mismo esta ayuda es muy buena\u201d<\/strong><\/p>\n<p>En tanto, Alison Rosales lleva dos a\u00f1os y medio en La Varilla, tambi\u00e9n valor\u00f3 la campa\u00f1a de prevenci\u00f3n de violencia contra la mujer, <strong>\u201cme parece excelente esto, ac\u00e1 hay mucha gente que tiene problemas y de repente por no haber ayuda se queda callada y se guarda los problemas y entonces que la seremi venga para ac\u00e1 y nos apoye en ese sentido es muy bueno\u201d<\/strong><\/p>\n<p>En medio de la pandemia la campa\u00f1a de prevenci\u00f3n de violencia contra las mujeres y la difusi\u00f3n decanales de ayuda para v\u00edctimas y testigos se contin\u00faa difundiendo \u00a0para concientizar sobre la erradicaci\u00f3n de este flagelo y llamar a denunciar todo acto de violencia de g\u00e9nero.<\/p>\n<p>&nbsp;<\/p>\n<p>&nbsp;<\/p>\n","protected":false},"excerpt":{"rendered":"<p>Hombres y mujeres del populoso campamento pudieron ser parte de la campa\u00f1a de prevenci\u00f3n de Violencia de G\u00e9nero que lider\u00f3 la seremi de la Mujer, Iv\u00f3n Guerra.<\/p>\n","protected":false},"author":2,"featured_media":5332,"comment_status":"open","ping_status":"open","sticky":false,"template":"","format":"standard","meta":{"footnotes":""},"categories":[3],"tags":[],"class_list":["post-5331","post","type-post","status-publish","format-standard","has-post-thumbnail","hentry","category-actualidad"],"_links":{"self":[{"href":"https:\/\/www.radiolimari.cl\/index.php?rest_route=\/wp\/v2\/posts\/5331","targetHints":{"allow":["GET"]}}],"collection":[{"href":"https:\/\/www.radiolimari.cl\/index.php?rest_route=\/wp\/v2\/posts"}],"about":[{"href":"https:\/\/www.radiolimari.cl\/index.php?rest_route=\/wp\/v2\/types\/post"}],"author":[{"embeddable":true,"href":"https:\/\/www.radiolimari.cl\/index.php?rest_route=\/wp\/v2\/users\/2"}],"replies":[{"embeddable":true,"href":"https:\/\/www.radiolimari.cl\/index.php?rest_route=%2Fwp%2Fv2%2Fcomments&post=5331"}],"version-history":[{"count":1,"href":"https:\/\/www.radiolimari.cl\/index.php?rest_route=\/wp\/v2\/posts\/5331\/revisions"}],"predecessor-version":[{"id":5333,"href":"https:\/\/www.radiolimari.cl\/index.php?rest_route=\/wp\/v2\/posts\/5331\/revisions\/5333"}],"wp:featuredmedia":[{"embeddable":true,"href":"https:\/\/www.radiolimari.cl\/index.php?rest_route=\/wp\/v2\/media\/5332"}],"wp:attachment":[{"href":"https:\/\/www.radiolimari.cl\/index.php?rest_route=%2Fwp%2Fv2%2Fmedia&parent=5331"}],"wp:term":[{"taxonomy":"category","embeddable":true,"href":"https:\/\/www.radiolimari.cl\/index.php?rest_route=%2Fwp%2Fv2%2Fcategories&post=5331"},{"taxonomy":"post_tag","embeddable":true,"href":"https:\/\/www.radiolimari.cl\/index.php?rest_route=%2Fwp%2Fv2%2Ftags&post=5331"}],"curies":[{"name":"wp","href":"https:\/\/api.w.org\/{rel}","templated":true}]}}