{"id":5319,"date":"2021-06-23T18:49:06","date_gmt":"2021-06-23T18:49:06","guid":{"rendered":"http:\/\/www.radiolimari.cl\/?p=5319"},"modified":"2021-06-23T21:17:28","modified_gmt":"2021-06-23T21:17:28","slug":"informe-pluviometria-en-el-limari","status":"publish","type":"post","link":"https:\/\/www.radiolimari.cl\/?p=5319","title":{"rendered":"17:00 hrs INFORME PLUVIOMETRIA EN EL LIMARI"},"content":{"rendered":"<p>&nbsp;<\/p>\n<p><a href=\"https:\/\/www.radiolimari.cl\/wp-content\/uploads\/2021\/06\/el-tiempo-20211.jpg\"><img fetchpriority=\"high\" decoding=\"async\" class=\"alignnone size-medium wp-image-5230\" src=\"https:\/\/www.radiolimari.cl\/wp-content\/uploads\/2021\/06\/el-tiempo-20211-300x194.jpg\" alt=\"el tiempo 2021\" width=\"300\" height=\"194\" srcset=\"https:\/\/www.radiolimari.cl\/wp-content\/uploads\/2021\/06\/el-tiempo-20211-300x194.jpg 300w, https:\/\/www.radiolimari.cl\/wp-content\/uploads\/2021\/06\/el-tiempo-20211-1024x664.jpg 1024w, https:\/\/www.radiolimari.cl\/wp-content\/uploads\/2021\/06\/el-tiempo-20211.jpg 2008w\" sizes=\"(max-width: 300px) 100vw, 300px\" \/><\/a><\/p>\n<p>informe Pluviometrico\u00a0 del Agua caida en la Provincia de Limari\u00a0 hasta las 17:00 horas<\/p>\n<p><!--more--><\/p>\n<div style=\"color: #0f1419;\" data-block=\"true\" data-editor=\"9bso3\" data-offset-key=\"59r0u-0-0\">\n<div class=\"public-DraftStyleDefault-block public-DraftStyleDefault-ltr\" data-offset-key=\"59r0u-0-0\"><span data-offset-key=\"59r0u-0-0\"><span data-text=\"true\">INFORME DE PRECIPITACIONES\u00a0 #CEAZA<\/span><\/span><\/div>\n<\/div>\n<div style=\"color: #0f1419;\" data-block=\"true\" data-editor=\"9bso3\" data-offset-key=\"7noto-0-0\">\n<div class=\"public-DraftStyleDefault-block public-DraftStyleDefault-ltr\" data-offset-key=\"7noto-0-0\"><span data-offset-key=\"7noto-0-0\"><span data-text=\"true\">Hasta las 17:00\u00a0horas<\/span><\/span><\/div>\n<\/div>\n<div style=\"color: #0f1419;\" data-block=\"true\" data-editor=\"9bso3\" data-offset-key=\"5f0t9-0-0\">\n<div class=\"public-DraftStyleDefault-block public-DraftStyleDefault-ltr\" data-offset-key=\"5f0t9-0-0\"><span data-offset-key=\"5f0t9-0-0\">\u00a0<\/span><\/div>\n<\/div>\n<div style=\"color: #0f1419;\" data-block=\"true\" data-editor=\"9bso3\" data-offset-key=\"edntj-0-0\">\n<div class=\"public-DraftStyleDefault-block public-DraftStyleDefault-ltr\" data-offset-key=\"edntj-0-0\"><span data-offset-key=\"edntj-0-0\"><span data-text=\"true\">Quebrada Seca 15,7 mm<\/span><\/span><\/div>\n<\/div>\n<div style=\"color: #0f1419;\" data-block=\"true\" data-editor=\"9bso3\" data-offset-key=\"etsg0-0-0\">\n<div class=\"public-DraftStyleDefault-block public-DraftStyleDefault-ltr\" data-offset-key=\"etsg0-0-0\"><span data-offset-key=\"etsg0-0-0\"><span data-text=\"true\">Camarico 15,2 mm<\/span><\/span><\/div>\n<\/div>\n<div style=\"color: #0f1419;\" data-block=\"true\" data-editor=\"9bso3\" data-offset-key=\"113s0-0-0\">\n<div class=\"public-DraftStyleDefault-block public-DraftStyleDefault-ltr\" data-offset-key=\"113s0-0-0\"><span data-offset-key=\"113s0-0-0\"><span data-text=\"true\">Algarrobo Bajo 16,0 mm<\/span><\/span><\/div>\n<\/div>\n<div style=\"color: #0f1419;\" data-block=\"true\" data-editor=\"9bso3\" data-offset-key=\"4hun-0-0\">\n<div class=\"public-DraftStyleDefault-block public-DraftStyleDefault-ltr\" data-offset-key=\"4hun-0-0\"><span data-offset-key=\"4hun-0-0\"><span data-text=\"true\">Ovalle 12,9 mm<\/span><\/span><\/div>\n<\/div>\n<div style=\"color: #0f1419;\" data-block=\"true\" data-editor=\"9bso3\" data-offset-key=\"3e0ug-0-0\">\n<div class=\"public-DraftStyleDefault-block public-DraftStyleDefault-ltr\" data-offset-key=\"3e0ug-0-0\"><span data-offset-key=\"3e0ug-0-0\"><span data-text=\"true\">Punitaqui 11,1 mm<\/span><\/span><\/div>\n<\/div>\n<div style=\"color: #0f1419;\" data-block=\"true\" data-editor=\"9bso3\" data-offset-key=\"al34s-0-0\">\n<div class=\"public-DraftStyleDefault-block public-DraftStyleDefault-ltr\" data-offset-key=\"al34s-0-0\"><span data-offset-key=\"al34s-0-0\"><span data-text=\"true\">Ajial De Quiles 27,3 mm<\/span><\/span><\/div>\n<\/div>\n<div style=\"color: #0f1419;\" data-block=\"true\" data-editor=\"9bso3\" data-offset-key=\"e5ag1-0-0\">\n<div class=\"public-DraftStyleDefault-block public-DraftStyleDefault-ltr\" data-offset-key=\"e5ag1-0-0\"><span data-offset-key=\"e5ag1-0-0\"><span data-text=\"true\">Samo Alto 6,5 mm<\/span><\/span><\/div>\n<\/div>\n<div style=\"color: #0f1419;\" data-block=\"true\" data-editor=\"9bso3\" data-offset-key=\"6gbri-0-0\">\n<div class=\"public-DraftStyleDefault-block public-DraftStyleDefault-ltr\" data-offset-key=\"6gbri-0-0\"><span data-offset-key=\"6gbri-0-0\"><span data-text=\"true\">Pichasca\u00a0 5,3 mm<\/span><\/span><\/div>\n<\/div>\n<div style=\"color: #0f1419;\" data-block=\"true\" data-editor=\"9bso3\" data-offset-key=\"a2i9j-0-0\">\n<div class=\"public-DraftStyleDefault-block public-DraftStyleDefault-ltr\" data-offset-key=\"a2i9j-0-0\"><span data-offset-key=\"a2i9j-0-0\"><span data-text=\"true\">Hurtado 1,2 mm<\/span><\/span><\/div>\n<\/div>\n<div style=\"color: #0f1419;\" data-block=\"true\" data-editor=\"9bso3\" data-offset-key=\"fb3rq-0-0\">\n<div class=\"public-DraftStyleDefault-block public-DraftStyleDefault-ltr\" data-offset-key=\"fb3rq-0-0\"><span data-offset-key=\"fb3rq-0-0\"><span data-text=\"true\">El Palqui\u00a0 8,8 mm<\/span><\/span><\/div>\n<\/div>\n<div style=\"color: #0f1419;\" data-block=\"true\" data-editor=\"9bso3\" data-offset-key=\"7ev5g-0-0\">\n<div class=\"public-DraftStyleDefault-block public-DraftStyleDefault-ltr\" data-offset-key=\"7ev5g-0-0\">Combarbala\u00a0 8,0 mm<\/div>\n<\/div>\n<p><span style=\"color: #000000;\">El \u00e1rea meteorol\u00f3gica del CEAZA inform\u00f3 qu<\/span>e\u00a0<span style=\"color: #3d85c6;\"><span style=\"color: #000000;\">ha observado un aumento en la cantidad de lluvias pronosticadas para la Regi\u00f3n de Coquimbo y que estas llegarian probablemente entre 15 y 25 mm en la costa, 5 a 15 mm en los valles y precordillera<\/span><\/span><\/p>\n","protected":false},"excerpt":{"rendered":"<p>&nbsp; informe Pluviometrico\u00a0 del Agua caida en la Provincia de Limari\u00a0 hasta las 17:00 horas<\/p>\n","protected":false},"author":2,"featured_media":5230,"comment_status":"open","ping_status":"open","sticky":false,"template":"","format":"standard","meta":{"footnotes":""},"categories":[5],"tags":[],"class_list":["post-5319","post","type-post","status-publish","format-standard","has-post-thumbnail","hentry","category-actualidad-limarina"],"_links":{"self":[{"href":"https:\/\/www.radiolimari.cl\/index.php?rest_route=\/wp\/v2\/posts\/5319","targetHints":{"allow":["GET"]}}],"collection":[{"href":"https:\/\/www.radiolimari.cl\/index.php?rest_route=\/wp\/v2\/posts"}],"about":[{"href":"https:\/\/www.radiolimari.cl\/index.php?rest_route=\/wp\/v2\/types\/post"}],"author":[{"embeddable":true,"href":"https:\/\/www.radiolimari.cl\/index.php?rest_route=\/wp\/v2\/users\/2"}],"replies":[{"embeddable":true,"href":"https:\/\/www.radiolimari.cl\/index.php?rest_route=%2Fwp%2Fv2%2Fcomments&post=5319"}],"version-history":[{"count":7,"href":"https:\/\/www.radiolimari.cl\/index.php?rest_route=\/wp\/v2\/posts\/5319\/revisions"}],"predecessor-version":[{"id":5327,"href":"https:\/\/www.radiolimari.cl\/index.php?rest_route=\/wp\/v2\/posts\/5319\/revisions\/5327"}],"wp:featuredmedia":[{"embeddable":true,"href":"https:\/\/www.radiolimari.cl\/index.php?rest_route=\/wp\/v2\/media\/5230"}],"wp:attachment":[{"href":"https:\/\/www.radiolimari.cl\/index.php?rest_route=%2Fwp%2Fv2%2Fmedia&parent=5319"}],"wp:term":[{"taxonomy":"category","embeddable":true,"href":"https:\/\/www.radiolimari.cl\/index.php?rest_route=%2Fwp%2Fv2%2Fcategories&post=5319"},{"taxonomy":"post_tag","embeddable":true,"href":"https:\/\/www.radiolimari.cl\/index.php?rest_route=%2Fwp%2Fv2%2Ftags&post=5319"}],"curies":[{"name":"wp","href":"https:\/\/api.w.org\/{rel}","templated":true}]}}