{"id":5310,"date":"2021-06-23T18:15:30","date_gmt":"2021-06-23T18:15:30","guid":{"rendered":"http:\/\/www.radiolimari.cl\/?p=5310"},"modified":"2021-06-23T18:15:30","modified_gmt":"2021-06-23T18:15:30","slug":"emprendedoras-de-punta-de-choros-destacan-aporte-de-ife-universal-para-enfrentar-estragos-economicos-durante-la-pandemia","status":"publish","type":"post","link":"https:\/\/www.radiolimari.cl\/?p=5310","title":{"rendered":"Emprendedoras de Punta de Choros destacan aporte de IFE Universal para enfrentar estragos econ\u00f3micos durante la pandemia"},"content":{"rendered":"<p><a href=\"https:\/\/www.radiolimari.cl\/wp-content\/uploads\/2021\/06\/22.6-sernameg-ife-1.jpg\"><img decoding=\"async\" class=\"alignnone size-medium wp-image-5311\" src=\"https:\/\/www.radiolimari.cl\/wp-content\/uploads\/2021\/06\/22.6-sernameg-ife-1-300x157.jpg\" alt=\"22.6 sernameg ife 1\" width=\"300\" height=\"157\" srcset=\"https:\/\/www.radiolimari.cl\/wp-content\/uploads\/2021\/06\/22.6-sernameg-ife-1-300x157.jpg 300w, https:\/\/www.radiolimari.cl\/wp-content\/uploads\/2021\/06\/22.6-sernameg-ife-1-1024x536.jpg 1024w, https:\/\/www.radiolimari.cl\/wp-content\/uploads\/2021\/06\/22.6-sernameg-ife-1.jpg 1100w\" sizes=\"(max-width: 300px) 100vw, 300px\" \/><\/a><\/p>\n<p>La crisis sanitara, la cuarentena y el invierno han sido factores relevantes para que ambas actividades productivas, que son tradicionales en esta localidad, est\u00e9n pr\u00e1cticamente sin funcionar, mermando dr\u00e1sticamente los ingresos econ\u00f3micos de las familias.<!--more--><\/p>\n<p>Uno de los sectores m\u00e1s golpeados por la pandemia es el rubro de la gastronom\u00eda y el turismo. Ante esta realidad, las familias, especialmente las mujeres de Punta de Choros, en la comuna de La Higuera no la han pasado bien. La crisis sanitara, la cuarentena y el invierno han sido factores relevantes para que ambas actividades productivas, que son tradicionales en esta localidad, est\u00e9n pr\u00e1cticamente sin funcionar, mermando dr\u00e1sticamente los ingresos econ\u00f3micos de las familias.<\/p>\n<p>La seremi de la Mujer y la Equidad de G\u00e9nero, Iv\u00f3n Guerra Aguilera lleg\u00f3 hasta la localidad del norte en la regi\u00f3n de Coquimbo para difundir el IFE Universal y Bono Pyme.<\/p>\n<p>Guerra se reuni\u00f3 con algunas emprendedoras, quienes le dieron a conocer su inestabilidad econ\u00f3mica y la compleja situaci\u00f3n que viven a causa de la pandemia, pero al mismo tiempo destacaron el aporte que ha significado las ayudas del Gobierno en medio de la emergencia sanitaria, en especial el Ingreso Familiar de Emergencia.<\/p>\n<p>Adela Flores es delegada de la Agrupaci\u00f3n \u201cLas Delicias de Punta de Choros y su Artesan\u00eda\u201d. d. Ella comenta lo dif\u00edcil que ha sido para su agrupaci\u00f3n de emprendedoras la pandemia, pero destac\u00f3\u00a0 el aporte del IFE Universal, <strong>\u201cencantada con la visita de la seremi porque nos trajo muy buenas noticias\u00a0 porque en la pandemia\u00a0 del a\u00f1o pasado no tuvimos ning\u00fan beneficio y ahora ella nos trajo muchos proyectos para postular, muchos beneficios que nos van a llegar. Nosotros en temporada\u00a0 de invierno no tenemos sustento y menos con la pandemia, pero el IFE nos ha servido mucho\u201d<\/strong><\/p>\n<p>Por su parte, Mar\u00eda Rojas Villalobos, emprendedoras de la misma agrupaci\u00f3n y que trabaja en gastronom\u00eda se mostr\u00f3 contenta con el abanico de beneficios que le inform\u00f3 la seremi y que no sab\u00eda. Tambi\u00e9n valor\u00f3 el aporte del Ingreso Familiar de emergencia que le ha servido para solventar sus gastos durante la crisis sanitaria<\/p>\n<p><strong>\u201cMe encant\u00f3 conversar con ella\u00a0 porque hay cosas que uno no sabe y uno le pregunta a ella y te da la soluci\u00f3n. Del IFE ten\u00eda una duda y me contest\u00f3 correctamente, as\u00ed que agradecemos su visita. A mi el IFE me sirve mucho, hace poco qued\u00e9 viuda y tengo un hijo especial entonces esto me sirve mucho. Ac\u00e1 el invierno es\u00a0 duro y estoy muy agradecida del Gobierno porque esta ayuda que nos da\u201d, <\/strong>explic\u00f3 la se\u00f1ora Mar\u00eda.<\/p>\n<p>La seremi de la Mujer, Iv\u00f3n Guerra manifest\u00f3 que su objetivo es seguir acompa\u00f1ando a las mujeres de todos los sectores de la regi\u00f3n, \u201c<strong>la realidad de las mujeres a ra\u00edz de la pandemia es muy dif\u00edcil. Han sido las m\u00e1s afectadas. Como Ministerio de la Mujer necesitamos estar desplegadas en las calles, localidades y comunas para aportar con informaci\u00f3n y ayudar a las mujeres a postular a los beneficios. Nuestra regi\u00f3n y pa\u00eds va a salir adelante d emano de las mujeres y como seremi seguir\u00e9 recorriendo cada punto de\u00a0 la regi\u00f3n para aportar con informaci\u00f3n y ayuda a cada una de ellas\u201d.<\/strong><\/p>\n<p>Las personas que a\u00fan no postulan al nuevo IFE Universal tienen como plazo tope hasta el 30 de junio. Para m\u00e1s detalles pueden acceder a <a href=\"http:\/\/www.igresodeemergencia.cl\">www.igresodeemergencia.cl<\/a><\/p>\n","protected":false},"excerpt":{"rendered":"<p>La crisis sanitara, la cuarentena y el invierno han sido factores relevantes para que ambas actividades productivas, que son tradicionales en esta localidad, est\u00e9n pr\u00e1cticamente sin funcionar, mermando dr\u00e1sticamente los ingresos econ\u00f3micos de las familias.<\/p>\n","protected":false},"author":2,"featured_media":5311,"comment_status":"open","ping_status":"open","sticky":false,"template":"","format":"standard","meta":{"footnotes":""},"categories":[6],"tags":[],"class_list":["post-5310","post","type-post","status-publish","format-standard","has-post-thumbnail","hentry","category-regionales"],"_links":{"self":[{"href":"https:\/\/www.radiolimari.cl\/index.php?rest_route=\/wp\/v2\/posts\/5310","targetHints":{"allow":["GET"]}}],"collection":[{"href":"https:\/\/www.radiolimari.cl\/index.php?rest_route=\/wp\/v2\/posts"}],"about":[{"href":"https:\/\/www.radiolimari.cl\/index.php?rest_route=\/wp\/v2\/types\/post"}],"author":[{"embeddable":true,"href":"https:\/\/www.radiolimari.cl\/index.php?rest_route=\/wp\/v2\/users\/2"}],"replies":[{"embeddable":true,"href":"https:\/\/www.radiolimari.cl\/index.php?rest_route=%2Fwp%2Fv2%2Fcomments&post=5310"}],"version-history":[{"count":1,"href":"https:\/\/www.radiolimari.cl\/index.php?rest_route=\/wp\/v2\/posts\/5310\/revisions"}],"predecessor-version":[{"id":5312,"href":"https:\/\/www.radiolimari.cl\/index.php?rest_route=\/wp\/v2\/posts\/5310\/revisions\/5312"}],"wp:featuredmedia":[{"embeddable":true,"href":"https:\/\/www.radiolimari.cl\/index.php?rest_route=\/wp\/v2\/media\/5311"}],"wp:attachment":[{"href":"https:\/\/www.radiolimari.cl\/index.php?rest_route=%2Fwp%2Fv2%2Fmedia&parent=5310"}],"wp:term":[{"taxonomy":"category","embeddable":true,"href":"https:\/\/www.radiolimari.cl\/index.php?rest_route=%2Fwp%2Fv2%2Fcategories&post=5310"},{"taxonomy":"post_tag","embeddable":true,"href":"https:\/\/www.radiolimari.cl\/index.php?rest_route=%2Fwp%2Fv2%2Ftags&post=5310"}],"curies":[{"name":"wp","href":"https:\/\/api.w.org\/{rel}","templated":true}]}}