{"id":5307,"date":"2021-06-22T20:25:03","date_gmt":"2021-06-22T20:25:03","guid":{"rendered":"http:\/\/www.radiolimari.cl\/?p=5307"},"modified":"2021-06-22T20:25:03","modified_gmt":"2021-06-22T20:25:03","slug":"tribunal-oral-en-lo-penal-de-ovalle-condena-a-5-anos-a-autor-del-delito-de-femicidio-frustrado","status":"publish","type":"post","link":"https:\/\/www.radiolimari.cl\/?p=5307","title":{"rendered":"Tribunal Oral en lo Penal de Ovalle condena a 5 a\u00f1os a autor del delito de Femicidio Frustrado"},"content":{"rendered":"<p><a href=\"https:\/\/www.radiolimari.cl\/wp-content\/uploads\/2021\/06\/17.6-TOP-Ovalle1.jpeg\"><img fetchpriority=\"high\" decoding=\"async\" class=\"alignnone size-medium wp-image-5308\" src=\"https:\/\/www.radiolimari.cl\/wp-content\/uploads\/2021\/06\/17.6-TOP-Ovalle1-300x225.jpeg\" alt=\"17.6 TOP Ovalle\" width=\"300\" height=\"225\" srcset=\"https:\/\/www.radiolimari.cl\/wp-content\/uploads\/2021\/06\/17.6-TOP-Ovalle1-300x225.jpeg 300w, https:\/\/www.radiolimari.cl\/wp-content\/uploads\/2021\/06\/17.6-TOP-Ovalle1-1024x768.jpeg 1024w, https:\/\/www.radiolimari.cl\/wp-content\/uploads\/2021\/06\/17.6-TOP-Ovalle1.jpeg 1280w\" sizes=\"(max-width: 300px) 100vw, 300px\" \/><\/a><\/p>\n<p><em>Los hechos ocurrieron en noviembre del 2020 cuando L.A.M.E, de nacionalidad venezolana, apu\u00f1al\u00f3 a su conviviente. El tribunal sustituy\u00f3 la pena por la expulsi\u00f3n del pa\u00eds. <\/em><!--more--><\/p>\n<p>El Tribunal de Juicio Oral en lo Penal de Ovalle conden\u00f3 a L.A.M.E. de nacionalidad venezolana a la pena efectiva de 5 a\u00f1os de presidio, en calidad de autor del delito frustrado de femicidio ocurrido el d\u00eda 29 de noviembre del a\u00f1o 2020 en la ciudad de Ovalle.<\/p>\n<p>El magistrado Claudio Weishaupt ley\u00f3 la sentencia, la que aplic\u00f3, adem\u00e1s, las accesorias legales de inhabilitaci\u00f3n absoluta perpetua para cargos y oficios p\u00fablicos y derechos pol\u00edticos durante el tiempo de la condena. \u201cReuniendo el requisito del art\u00edculo 34 de la ley 18.266 y teniendo presente lo se\u00f1alado por el Ministerio del Interior y Seguridad P\u00fablica se sustituye la pena corporal respecto del sentenciado por la expulsi\u00f3n del territorio nacional. El sentenciado no podr\u00e1 regresar a Chile en el plazo de 10 a\u00f1os contados desde la fecha de la sustituci\u00f3n de la misma. En el evento que el condenado regresara al territorio nacional dentro del plazo se\u00f1alado, se revocara la pena de expulsi\u00f3n y deber\u00e1 cumplir el saldo de la pena privativa de libertad original impuesta sirvi\u00e9ndole de abono los 206 d\u00edas que permaneci\u00f3 privado de libertad\u201d.<\/p>\n<p>La sentencia establece que los hechos ocurrieron el d\u00eda 29 de noviembre de 2020, alrededor de las 00:30 horas, en el interior de un domicilio en la comuna de Ovalle. El condenado L.A.M.E., provisto de un cuchillo, procedi\u00f3 a agredir a su conviviente y v\u00edctima, do\u00f1a R.T.U, en circunstancias que la afectada se encontraba de espaldas a \u00e9l y semiagachada<\/p>\n","protected":false},"excerpt":{"rendered":"<p>Los hechos ocurrieron en noviembre del 2020 cuando L.A.M.E, de nacionalidad venezolana, apu\u00f1al\u00f3 a su conviviente. El tribunal sustituy\u00f3 la pena por la expulsi\u00f3n del pa\u00eds.<\/p>\n","protected":false},"author":2,"featured_media":5308,"comment_status":"open","ping_status":"open","sticky":false,"template":"","format":"standard","meta":{"footnotes":""},"categories":[3],"tags":[],"class_list":["post-5307","post","type-post","status-publish","format-standard","has-post-thumbnail","hentry","category-actualidad"],"_links":{"self":[{"href":"https:\/\/www.radiolimari.cl\/index.php?rest_route=\/wp\/v2\/posts\/5307","targetHints":{"allow":["GET"]}}],"collection":[{"href":"https:\/\/www.radiolimari.cl\/index.php?rest_route=\/wp\/v2\/posts"}],"about":[{"href":"https:\/\/www.radiolimari.cl\/index.php?rest_route=\/wp\/v2\/types\/post"}],"author":[{"embeddable":true,"href":"https:\/\/www.radiolimari.cl\/index.php?rest_route=\/wp\/v2\/users\/2"}],"replies":[{"embeddable":true,"href":"https:\/\/www.radiolimari.cl\/index.php?rest_route=%2Fwp%2Fv2%2Fcomments&post=5307"}],"version-history":[{"count":1,"href":"https:\/\/www.radiolimari.cl\/index.php?rest_route=\/wp\/v2\/posts\/5307\/revisions"}],"predecessor-version":[{"id":5309,"href":"https:\/\/www.radiolimari.cl\/index.php?rest_route=\/wp\/v2\/posts\/5307\/revisions\/5309"}],"wp:featuredmedia":[{"embeddable":true,"href":"https:\/\/www.radiolimari.cl\/index.php?rest_route=\/wp\/v2\/media\/5308"}],"wp:attachment":[{"href":"https:\/\/www.radiolimari.cl\/index.php?rest_route=%2Fwp%2Fv2%2Fmedia&parent=5307"}],"wp:term":[{"taxonomy":"category","embeddable":true,"href":"https:\/\/www.radiolimari.cl\/index.php?rest_route=%2Fwp%2Fv2%2Fcategories&post=5307"},{"taxonomy":"post_tag","embeddable":true,"href":"https:\/\/www.radiolimari.cl\/index.php?rest_route=%2Fwp%2Fv2%2Ftags&post=5307"}],"curies":[{"name":"wp","href":"https:\/\/api.w.org\/{rel}","templated":true}]}}