{"id":5300,"date":"2021-06-17T21:26:25","date_gmt":"2021-06-17T21:26:25","guid":{"rendered":"http:\/\/www.radiolimari.cl\/?p=5300"},"modified":"2021-06-17T21:26:25","modified_gmt":"2021-06-17T21:26:25","slug":"para-el-sabado-y-lunes-se-presentarian-bajas-temperaturas-y-heladas-en-los-valles-de-la-region-de-coquimbo","status":"publish","type":"post","link":"https:\/\/www.radiolimari.cl\/?p=5300","title":{"rendered":"Para el s\u00e1bado y lunes: Se presentar\u00edan bajas temperaturas y heladas en los valles de la Regi\u00f3n de Coquimbo"},"content":{"rendered":"<p><a href=\"https:\/\/www.radiolimari.cl\/wp-content\/uploads\/2021\/06\/ceaza-2021.png\"><img fetchpriority=\"high\" decoding=\"async\" class=\"alignnone size-full wp-image-5301\" src=\"https:\/\/www.radiolimari.cl\/wp-content\/uploads\/2021\/06\/ceaza-2021.png\" alt=\"ceaza 2021\" width=\"294\" height=\"225\" \/><\/a><\/p>\n<p><span style=\"font-weight: 600; color: #000000;\">En tanto, para el domingo, las temperaturas m\u00ednimas en la regi\u00f3n ser\u00edan m\u00e1s moderadas, las que oscilar\u00edan entre los 11 \u00baC y 1 \u00baC, a excepci\u00f3n de los sectores cordilleranos.<\/span><!--more--><\/p>\n<p style=\"font-weight: 600; color: #000000;\">El \u00e1rea meteorol\u00f3gica del CEAZA pronostica bajas temperaturas y heladas en los valles del secano costero de las provincias de Limar\u00ed y Choapa, as\u00ed como tambi\u00e9n en los valles y en las zonas precordilleranas (por debajo de los 900 metros de la Regi\u00f3n de Coquimbo), para el s\u00e1bado 19 y lunes 21 de junio. Las temperaturas podr\u00edan llegar hasta los -3 \u00baC en algunos lugares de los valles interiores del Choapa.<\/p>\n<p style=\"font-weight: 600; color: #000000;\">\n<p style=\"font-weight: 600; color: #000000;\"><img decoding=\"async\" class=\"aligncenter wp-image-12901\" style=\"color: transparent;\" src=\"http:\/\/www.ceaza.cl\/wp-content\/uploads\/2021\/06\/heladas_junio.png\" alt=\"\" width=\"320\" height=\"289\" \/><\/p>\n<p style=\"font-weight: 600; color: #000000;\">\n<p style=\"font-weight: 600; color: #000000;\">Seg\u00fan explica el informe \u201clas bajas temperaturas del s\u00e1bado estar\u00e1n asociadas al avance hacia el norte de un anticicl\u00f3n fr\u00edo, que actualmente est\u00e1 entre las Regiones de Los Lagos y de Ays\u00e9n, mientras que las bajas temperaturas del lunes 21 estar\u00e1n asociadas a la extensi\u00f3n de otro anticicl\u00f3n fr\u00edo que se encontrar\u00e1 en torno a la Isla de Pascua (Rapa Nui)\u201d.<\/p>\n<p style=\"font-weight: 600; color: #000000;\">En tanto, para el domingo, las temperaturas m\u00ednimas en la regi\u00f3n ser\u00edan m\u00e1s moderadas, las que oscilar\u00edan entre los 11 \u00baC y 1 \u00baC, a excepci\u00f3n de los sectores cordilleranos.<\/p>\n<p style=\"font-weight: 600; color: #000000;\">Mayores detalles en\u00a0<a style=\"font-weight: normal; color: #c5d000;\" href=\"http:\/\/www.ceazamet.cl\/alertas\"><span style=\"color: green;\">www.ceazamet.cl\/alertas<\/span><\/a>\u00a0y\u00a0<a style=\"font-weight: normal; color: #c5d000;\" href=\"http:\/\/www.ceazamet.cl\/pronostico\"><span style=\"color: green;\">www.ceazamet.cl\/pronostico<\/span><\/a><\/p>\n","protected":false},"excerpt":{"rendered":"<p>En tanto, para el domingo, las temperaturas m\u00ednimas en la regi\u00f3n ser\u00edan m\u00e1s moderadas, las que oscilar\u00edan entre los 11 \u00baC y 1 \u00baC, a excepci\u00f3n de los sectores cordilleranos.<\/p>\n","protected":false},"author":2,"featured_media":5301,"comment_status":"open","ping_status":"open","sticky":false,"template":"","format":"standard","meta":{"footnotes":""},"categories":[6],"tags":[],"class_list":["post-5300","post","type-post","status-publish","format-standard","has-post-thumbnail","hentry","category-regionales"],"_links":{"self":[{"href":"https:\/\/www.radiolimari.cl\/index.php?rest_route=\/wp\/v2\/posts\/5300","targetHints":{"allow":["GET"]}}],"collection":[{"href":"https:\/\/www.radiolimari.cl\/index.php?rest_route=\/wp\/v2\/posts"}],"about":[{"href":"https:\/\/www.radiolimari.cl\/index.php?rest_route=\/wp\/v2\/types\/post"}],"author":[{"embeddable":true,"href":"https:\/\/www.radiolimari.cl\/index.php?rest_route=\/wp\/v2\/users\/2"}],"replies":[{"embeddable":true,"href":"https:\/\/www.radiolimari.cl\/index.php?rest_route=%2Fwp%2Fv2%2Fcomments&post=5300"}],"version-history":[{"count":1,"href":"https:\/\/www.radiolimari.cl\/index.php?rest_route=\/wp\/v2\/posts\/5300\/revisions"}],"predecessor-version":[{"id":5302,"href":"https:\/\/www.radiolimari.cl\/index.php?rest_route=\/wp\/v2\/posts\/5300\/revisions\/5302"}],"wp:featuredmedia":[{"embeddable":true,"href":"https:\/\/www.radiolimari.cl\/index.php?rest_route=\/wp\/v2\/media\/5301"}],"wp:attachment":[{"href":"https:\/\/www.radiolimari.cl\/index.php?rest_route=%2Fwp%2Fv2%2Fmedia&parent=5300"}],"wp:term":[{"taxonomy":"category","embeddable":true,"href":"https:\/\/www.radiolimari.cl\/index.php?rest_route=%2Fwp%2Fv2%2Fcategories&post=5300"},{"taxonomy":"post_tag","embeddable":true,"href":"https:\/\/www.radiolimari.cl\/index.php?rest_route=%2Fwp%2Fv2%2Ftags&post=5300"}],"curies":[{"name":"wp","href":"https:\/\/api.w.org\/{rel}","templated":true}]}}