{"id":5287,"date":"2021-06-17T19:40:27","date_gmt":"2021-06-17T19:40:27","guid":{"rendered":"http:\/\/www.radiolimari.cl\/?p=5287"},"modified":"2021-06-17T19:40:27","modified_gmt":"2021-06-17T19:40:27","slug":"concurso-historias-de-nuestra-tierra-busca-rescatar-la-cultura-rural-y-campesina","status":"publish","type":"post","link":"https:\/\/www.radiolimari.cl\/?p=5287","title":{"rendered":"Concurso \u00abHistorias de Nuestra Tierra\u00bb busca rescatar la cultura rural y campesina"},"content":{"rendered":"<p><a href=\"https:\/\/www.radiolimari.cl\/wp-content\/uploads\/2021\/06\/1.6-fucoa-participa1.jpg\"><img decoding=\"async\" class=\"alignnone size-medium wp-image-5288\" src=\"https:\/\/www.radiolimari.cl\/wp-content\/uploads\/2021\/06\/1.6-fucoa-participa1-300x166.jpg\" alt=\"1.6 fucoa participa\" width=\"300\" height=\"166\" srcset=\"https:\/\/www.radiolimari.cl\/wp-content\/uploads\/2021\/06\/1.6-fucoa-participa1-300x166.jpg 300w, https:\/\/www.radiolimari.cl\/wp-content\/uploads\/2021\/06\/1.6-fucoa-participa1-1024x568.jpg 1024w, https:\/\/www.radiolimari.cl\/wp-content\/uploads\/2021\/06\/1.6-fucoa-participa1.jpg 1080w\" sizes=\"(max-width: 300px) 100vw, 300px\" \/><\/a><\/p>\n<p><i style=\"color: #000000;\"><span lang=\"ES\">El certamen, \u00fanico en su tipo a nivel nacional, cumple 29 a\u00f1os rescatando y difundiendo las historias, mitos y tradiciones de los territorios rurales de Chile. Ni\u00f1os, ni\u00f1as, j\u00f3venes y adultos pueden participar en\u00a0<a style=\"color: #1155cc;\" href=\"http:\/\/www.historiasdenuestratierra.cl\/\" target=\"_blank\" data-saferedirecturl=\"https:\/\/www.google.com\/url?q=http:\/\/www.historiasdenuestratierra.cl&amp;source=gmail&amp;ust=1624045043266000&amp;usg=AFQjCNGBQt9Z9v6iAmA7c9R4AJucXrX7qQ\">www.historiasdenuestratierra.<wbr \/>cl<\/a>\u00a0enviando cuentos, poemas, dibujos o fotograf\u00edas. Hay premios nacionales, regionales y para escuelas.\u00a0\u00a0<\/span><\/i><!--more--><\/p>\n<p style=\"font-weight: 400;\">Con el objetivo de relevar y poner en valor la cultura rural y campesina a lo largo de Chile, la Fundaci\u00f3n de Comunicaciones, Capacitaci\u00f3n y Cultura del Agro (FUCOA) del Ministerio de Agricultura lanz\u00f3 la versi\u00f3n 2021 del concurso Historias de Nuestra Tierra.<\/p>\n<p style=\"font-weight: 400;\">Este certamen, \u00fanico en su tipo de convocatoria nacional, cumple 29 a\u00f1os recopilando historias, mitos, leyendas, vivencias y relatos inspirados en la realidad y caracter\u00edsticas del mundo rural y campesino del pa\u00eds, a trav\u00e9s de sus categor\u00edas de Cuento (todo p\u00fablico), Poema (todo p\u00fablico), Dibujo (estudiantes de ense\u00f1anza b\u00e1sica y media) y Fotograf\u00eda (mayores de 18 a\u00f1os).<\/p>\n<p style=\"font-weight: 400;\">La Ministra de Agricultura, Mar\u00eda Emilia Undurraga, destac\u00f3 que \u201ceste concurso es una de las iniciativas m\u00e1s emblem\u00e1ticas de FUCOA, instituci\u00f3n que lleva a los agricultores, agricultoras y al mundo rural en el coraz\u00f3n de su labor. Desde el Minagri estamos impulsado la Pol\u00edtica Nacional de Desarrollo Rural, que dentro de sus objetivos busca precisamente lo mismo que este certamen: revalorizar la cultura del mundo rural y su gente, por lo que es un certamen muy especial e importante para nosotros\u201d.<\/p>\n<p style=\"font-weight: 400;\">Las obras pueden ser enviadas a trav\u00e9s del sitio web\u00a0<a href=\"http:\/\/www.historiasdenuestratierra.cl\/\" data-saferedirecturl=\"https:\/\/www.google.com\/url?q=http:\/\/www.historiasdenuestratierra.cl&amp;source=gmail&amp;ust=1624045043266000&amp;usg=AFQjCNGBQt9Z9v6iAmA7c9R4AJucXrX7qQ\">www.historiasdenuestratierra.cl<\/a>, especialmente renovado para esta ocasi\u00f3n, donde adem\u00e1s est\u00e1n disponibles las bases del concurso, resultados anteriores, Galer\u00eda de Ganadores \u2013 lanzada recientemente en el marco del D\u00eda del Patrimonio Cultural \u2013, material educativo y m\u00e1s informaci\u00f3n sobre el certamen, cuya convocatoria es hasta el 31 de agosto.<\/p>\n<p style=\"font-weight: 400;\">Francisca Martin, Directora Ejecutiva de FUCOA, se\u00f1al\u00f3 que, a trav\u00e9s de este concurso, \u201cbuscamos mantener viva la tradici\u00f3n oral y toda esa sabidur\u00eda que caracterizan a los territorios rurales y al campo chileno, a trav\u00e9s de las obras de ni\u00f1os, ni\u00f1as, j\u00f3venes y adultos de diversos puntos del pa\u00eds. Son distintas las expresiones art\u00edsticas con las cuales podemos rescatar la cultura rural y gracias a los libros que anualmente editamos y a la Galer\u00eda de Ganadores virtual que recientemente lanzamos, podemos preservar estas obras para las futuras generaciones\u201d.<\/p>\n<p style=\"font-weight: 400;\">En tanto, el Seremi de Agricultura de la Regi\u00f3n de Coquimbo, Rodrigo \u00d3rdenes, destac\u00f3 la importancia de este certamen, invitando a la comunidad a participar a trav\u00e9s de sus distintas categor\u00edas, \u201cSin duda que este es un gran concurso que busca plasmar en el tiempo las historias, las tradiciones, las costumbres y las distintas vivencias de nuestro mundo rural, para que sean transmitidas de generaci\u00f3n en generaci\u00f3n. Es por esto, que invitamos a los habitantes de nuestra regi\u00f3n, a adultos, a j\u00f3venes y a ni\u00f1os a que participen, a que nos permitan mantener con vida la ruralidad de nuestro pa\u00eds, que nos den la oportunidad de rescatar un pedacito de historia del campo y llevarla a distintos rincones de Chile\u201d.<\/p>\n<p style=\"font-weight: 400;\">Cabe destacar que el jurado del Concurso Historias de Nuestra Tierra a\u00f1o a a\u00f1o lo constituyen reconocidas personas del \u00e1mbito cultural de Chile, como Sonia Montecino, escritora y antrop\u00f3loga, Premio Nacional de Humanidades y Ciencias Sociales (2013); Elicura Chihuailaf, poeta mapuche y obstetra, Premio Nacional de Literatura 2020; Osvaldo C\u00e1diz, investigador del folclor y director acad\u00e9mico de la Academia Nacional de Cultura Tradicional Margot Loyola; y H\u00e9ctor Velis-Mesa, profesor de oratoria y autor de diversos libros de divulgaci\u00f3n del lenguaje y las costumbres, entre otros.<\/p>\n","protected":false},"excerpt":{"rendered":"<p>El certamen, \u00fanico en su tipo a nivel nacional, cumple 29 a\u00f1os rescatando y difundiendo las historias, mitos y tradiciones de los territorios rurales de Chile. Ni\u00f1os, ni\u00f1as, j\u00f3venes y adultos pueden participar en\u00a0www.historiasdenuestratierra.cl\u00a0enviando cuentos, poemas, dibujos o fotograf\u00edas. Hay premios nacionales, regionales y para escuelas.\u00a0\u00a0<\/p>\n","protected":false},"author":2,"featured_media":5288,"comment_status":"open","ping_status":"open","sticky":false,"template":"","format":"standard","meta":{"footnotes":""},"categories":[6],"tags":[],"class_list":["post-5287","post","type-post","status-publish","format-standard","has-post-thumbnail","hentry","category-regionales"],"_links":{"self":[{"href":"https:\/\/www.radiolimari.cl\/index.php?rest_route=\/wp\/v2\/posts\/5287","targetHints":{"allow":["GET"]}}],"collection":[{"href":"https:\/\/www.radiolimari.cl\/index.php?rest_route=\/wp\/v2\/posts"}],"about":[{"href":"https:\/\/www.radiolimari.cl\/index.php?rest_route=\/wp\/v2\/types\/post"}],"author":[{"embeddable":true,"href":"https:\/\/www.radiolimari.cl\/index.php?rest_route=\/wp\/v2\/users\/2"}],"replies":[{"embeddable":true,"href":"https:\/\/www.radiolimari.cl\/index.php?rest_route=%2Fwp%2Fv2%2Fcomments&post=5287"}],"version-history":[{"count":1,"href":"https:\/\/www.radiolimari.cl\/index.php?rest_route=\/wp\/v2\/posts\/5287\/revisions"}],"predecessor-version":[{"id":5289,"href":"https:\/\/www.radiolimari.cl\/index.php?rest_route=\/wp\/v2\/posts\/5287\/revisions\/5289"}],"wp:featuredmedia":[{"embeddable":true,"href":"https:\/\/www.radiolimari.cl\/index.php?rest_route=\/wp\/v2\/media\/5288"}],"wp:attachment":[{"href":"https:\/\/www.radiolimari.cl\/index.php?rest_route=%2Fwp%2Fv2%2Fmedia&parent=5287"}],"wp:term":[{"taxonomy":"category","embeddable":true,"href":"https:\/\/www.radiolimari.cl\/index.php?rest_route=%2Fwp%2Fv2%2Fcategories&post=5287"},{"taxonomy":"post_tag","embeddable":true,"href":"https:\/\/www.radiolimari.cl\/index.php?rest_route=%2Fwp%2Fv2%2Ftags&post=5287"}],"curies":[{"name":"wp","href":"https:\/\/api.w.org\/{rel}","templated":true}]}}