{"id":5284,"date":"2021-06-17T13:14:56","date_gmt":"2021-06-17T13:14:56","guid":{"rendered":"http:\/\/www.radiolimari.cl\/?p=5284"},"modified":"2021-06-17T13:14:56","modified_gmt":"2021-06-17T13:14:56","slug":"tribunal-oral-en-lo-penal-de-ovalle-condena-a-oficial-de-carabinero-a-4-anos-por-apremios-ilegitimos-y-1-ano-por-detencion-ilegal","status":"publish","type":"post","link":"https:\/\/www.radiolimari.cl\/?p=5284","title":{"rendered":"TRIBUNAL ORAL EN LO PENAL DE OVALLE CONDENA A OFICIAL DE CARABINERO A 4 A\u00d1OS POR APREMIOS ILEGITIMOS Y 1 A\u00d1O POR DETENCION ILEGAL"},"content":{"rendered":"<p><a href=\"https:\/\/www.radiolimari.cl\/wp-content\/uploads\/2021\/06\/17.6-TOP-Ovalle.jpeg\"><img fetchpriority=\"high\" decoding=\"async\" class=\"alignnone size-medium wp-image-5285\" src=\"https:\/\/www.radiolimari.cl\/wp-content\/uploads\/2021\/06\/17.6-TOP-Ovalle-300x225.jpeg\" alt=\"17.6 TOP Ovalle\" width=\"300\" height=\"225\" srcset=\"https:\/\/www.radiolimari.cl\/wp-content\/uploads\/2021\/06\/17.6-TOP-Ovalle-300x225.jpeg 300w, https:\/\/www.radiolimari.cl\/wp-content\/uploads\/2021\/06\/17.6-TOP-Ovalle-1024x768.jpeg 1024w, https:\/\/www.radiolimari.cl\/wp-content\/uploads\/2021\/06\/17.6-TOP-Ovalle.jpeg 1280w\" sizes=\"(max-width: 300px) 100vw, 300px\" \/><\/a><\/p>\n<p>Los hechos ocurrieron el 19 de octubre del 2019 en la ciudad, en el marco del estallido social.<!--more--><\/p>\n<p>El Tribunal de Juicio Oral en lo Penal de Ovalle conden\u00f3\u00a0 a Hugo Navarro Corval\u00e1n, ex capit\u00e1n de Carabineros, a la pena de 4 a\u00f1os en calidad de autor del delito de apremios ileg\u00edtimos y lesiones graves y a 1 a\u00f1o por el delito de detenci\u00f3n ilegal en contra de la v\u00edctima de iniciales B.H.E<\/p>\n<p>En la sentencia (causa rol 50-2020), el tribunal \u2013integrado por las magistradas Claudia Molina Contador, Zoila Ter\u00e1n Ar\u00e9valo y Ana Karina Hern\u00e1ndez\u2013 aplic\u00f3, adem\u00e1s, las accesorias legales de inhabilitaci\u00f3n absoluta perpetua para derechos pol\u00edticos y la inhabilitaci\u00f3n absoluta para cargos y oficios p\u00fablicos durante el tiempo de la condena.<\/p>\n<p>La magistrada Claudia Molina Contador, inform\u00f3 que reuni\u00e9ndose los requisitos del art\u00edculo 15 y 15 bis de la ley 18.266 se sustituye al sentenciado la pena privativa de libertad por la pena de libertad vigilada intensiva, debiendo Navarro Corval\u00e1n presentarse ante el Centro de Reinserci\u00f3n Social de Ovalle de Gendarmer\u00eda de Chile para cumplir por el periodo de control con el plan de intervenci\u00f3n individual que se apruebe en su momento y con las condiciones legales respectivas.<\/p>\n<p>La jueza Molina Contador agreg\u00f3 que \u201csi la pena sustitutiva impuesta fuese revocada o quebrantada el condenado deber\u00e1 cumplir \u00edntegra y efectivamente la pena privativa de libertad\u201d.<\/p>\n<p><strong>Hechos<\/strong><\/p>\n<p>Los hechos ocurrieron el 19 de octubre de 2019 a las 21.00 horas aproximadamente en la v\u00eda p\u00fablica de la ciudad de Ovalle, cuando el condenado Navarro Corval\u00e1n, cumpliendo sus funciones como carabinero, dispar\u00f3 con un rev\u00f3lver a la v\u00edctima B.H.E a corta distancia provoc\u00e1ndole una fractura en el pubis, resultando en lesiones graves.<\/p>\n<p>Este es el primer juicio oral finalizado en Chile con una causa asociada a la crisis social y la segunda causa presentada por el INDH en la que se logra una condena.<\/p>\n","protected":false},"excerpt":{"rendered":"<p>Los hechos ocurrieron el 19 de octubre del 2019 en la ciudad, en el marco del estallido social.<\/p>\n","protected":false},"author":2,"featured_media":5285,"comment_status":"open","ping_status":"open","sticky":false,"template":"","format":"standard","meta":{"footnotes":""},"categories":[5],"tags":[],"class_list":["post-5284","post","type-post","status-publish","format-standard","has-post-thumbnail","hentry","category-actualidad-limarina"],"_links":{"self":[{"href":"https:\/\/www.radiolimari.cl\/index.php?rest_route=\/wp\/v2\/posts\/5284","targetHints":{"allow":["GET"]}}],"collection":[{"href":"https:\/\/www.radiolimari.cl\/index.php?rest_route=\/wp\/v2\/posts"}],"about":[{"href":"https:\/\/www.radiolimari.cl\/index.php?rest_route=\/wp\/v2\/types\/post"}],"author":[{"embeddable":true,"href":"https:\/\/www.radiolimari.cl\/index.php?rest_route=\/wp\/v2\/users\/2"}],"replies":[{"embeddable":true,"href":"https:\/\/www.radiolimari.cl\/index.php?rest_route=%2Fwp%2Fv2%2Fcomments&post=5284"}],"version-history":[{"count":1,"href":"https:\/\/www.radiolimari.cl\/index.php?rest_route=\/wp\/v2\/posts\/5284\/revisions"}],"predecessor-version":[{"id":5286,"href":"https:\/\/www.radiolimari.cl\/index.php?rest_route=\/wp\/v2\/posts\/5284\/revisions\/5286"}],"wp:featuredmedia":[{"embeddable":true,"href":"https:\/\/www.radiolimari.cl\/index.php?rest_route=\/wp\/v2\/media\/5285"}],"wp:attachment":[{"href":"https:\/\/www.radiolimari.cl\/index.php?rest_route=%2Fwp%2Fv2%2Fmedia&parent=5284"}],"wp:term":[{"taxonomy":"category","embeddable":true,"href":"https:\/\/www.radiolimari.cl\/index.php?rest_route=%2Fwp%2Fv2%2Fcategories&post=5284"},{"taxonomy":"post_tag","embeddable":true,"href":"https:\/\/www.radiolimari.cl\/index.php?rest_route=%2Fwp%2Fv2%2Ftags&post=5284"}],"curies":[{"name":"wp","href":"https:\/\/api.w.org\/{rel}","templated":true}]}}