{"id":5278,"date":"2021-06-16T21:07:24","date_gmt":"2021-06-16T21:07:24","guid":{"rendered":"http:\/\/www.radiolimari.cl\/?p=5278"},"modified":"2021-06-16T21:07:24","modified_gmt":"2021-06-16T21:07:24","slug":"la-costa-lab-proyecto-formativo-que-propone-un-espacio-virtual-de-desarrollo-artistico-en-la-4ta-region","status":"publish","type":"post","link":"https:\/\/www.radiolimari.cl\/?p=5278","title":{"rendered":"La Costa Lab: proyecto formativo que propone un espacio virtual  de desarrollo art\u00edstico en la 4ta regi\u00f3n"},"content":{"rendered":"<p><a href=\"https:\/\/www.radiolimari.cl\/wp-content\/uploads\/2021\/06\/16.6-LA-COSTA-LAB-AFICHE.jpg\"><img fetchpriority=\"high\" decoding=\"async\" class=\"alignnone size-medium wp-image-5279\" src=\"https:\/\/www.radiolimari.cl\/wp-content\/uploads\/2021\/06\/16.6-LA-COSTA-LAB-AFICHE-300x240.jpg\" alt=\"16.6 LA COSTA LAB - AFICHE\" width=\"300\" height=\"240\" srcset=\"https:\/\/www.radiolimari.cl\/wp-content\/uploads\/2021\/06\/16.6-LA-COSTA-LAB-AFICHE-300x240.jpg 300w, https:\/\/www.radiolimari.cl\/wp-content\/uploads\/2021\/06\/16.6-LA-COSTA-LAB-AFICHE-1024x822.jpg 1024w, https:\/\/www.radiolimari.cl\/wp-content\/uploads\/2021\/06\/16.6-LA-COSTA-LAB-AFICHE.jpg 1744w\" sizes=\"(max-width: 300px) 100vw, 300px\" \/><\/a><\/p>\n<p><em>Si eres artista teatral o te interesa el teatro y la experimentaci\u00f3n, participa gratuitamente de estos talleres, que potenciar\u00e1n tus habilidades y proyectos en diversas \u00e1reas de la creaci\u00f3n esc\u00e9nica desde la confianza de tu hogar. <\/em><!--more--><\/p>\n<p>Gracias a la iniciativa del equipo de artistas y creadores de La Costa nace el Laboratorio de Experimentaci\u00f3n Esc\u00e9nica \u2013 La Serena\u201d, el cual es financiado por el Fondo Nacional de Desarrollo Cultural y las Artes (Fondart), convocatoria 2020 del Ministerio de las Culturas, las Artes y el Patrimonio y la colaboraci\u00f3n de Espacio Arte dirigido por Vanessa Osses. El cual ya tiene sus inscripciones abiertas a traves de la web <a href=\"http:\/\/www.lacostalab.cl\/\">www.lacostalab.cl\/<\/a> con cupos limitados.<\/p>\n<p>El proyecto comienza el 24 de junio y est\u00e1 adecuado a la realidad que vive actualmente el pa\u00eds en plena pandemia, siendo un taller de modalidad virtual\/remota, en el cual los participantes ser\u00e1n acompa\u00f1ados en sus proyectos art\u00edsticos personales o colectivos, experimentando sus potencialidades a trav\u00e9s de tres m\u00f3dulos relacionados, con el fin de dar forma a las ideas creativas de quienes participen.<\/p>\n<p><strong>Taller<\/strong><\/p>\n<p>Cada m\u00f3dulo trabajar\u00e1 diversas \u00e1reas de la creaci\u00f3n esc\u00e9nica, enfocadas en la composici\u00f3n de un ejercicio audiovisual, concebido como una \u201cPuesta en Pantalla\u201d, los que ser\u00e1n exhibidos en una muestra final, en donde podremos disfrutar de los trabajos desarrollados a lo largo del proyecto.<\/p>\n<p>Los m\u00f3dulos que se desarrollar\u00e1n en el Laboratorio de experimentaci\u00f3n esc\u00e9nica son: Autor\u00eda y Proyectos Art\u00edstico, Dramaturgia de la Voz y el Cuerpo y Dramaturgia de la imagen y el espacio, en este respectivo orden.<\/p>\n<p>Y cada m\u00f3dulo tendr\u00e1 tres sesiones a desarrollarse los d\u00edas: jueves, viernes y s\u00e1bado, entre el 24 de junio y 10 de julio.<\/p>\n<p>Al ser un taller de modalidad virtual, la invitaci\u00f3n a participar es posible hacerla expansiva a toda la comunidad de la Regi\u00f3n de Coquimbo, especialmente a estudiantes de teatro, artes, m\u00fasica, creadores y creadoras, artistas, estudiantes de educaci\u00f3n media y personas en general que deseen desarrollar un proyecto art\u00edstico audiovisual.<\/p>\n<p>Si quieres saber m\u00e1s sobre esta iniciativa o inscribirte, puedes enviar un correo electr\u00f3nico a <a href=\"mailto:taller.experimentaescenica@gmail.com\">taller.experimentaescenica@gmail.com<\/a>.<\/p>\n","protected":false},"excerpt":{"rendered":"<p>Si eres artista teatral o te interesa el teatro y la experimentaci\u00f3n, participa gratuitamente de estos talleres, que potenciar\u00e1n tus habilidades y proyectos en diversas \u00e1reas de la creaci\u00f3n esc\u00e9nica desde la confianza de tu hogar.<\/p>\n","protected":false},"author":2,"featured_media":5279,"comment_status":"open","ping_status":"open","sticky":false,"template":"","format":"standard","meta":{"footnotes":""},"categories":[6],"tags":[],"class_list":["post-5278","post","type-post","status-publish","format-standard","has-post-thumbnail","hentry","category-regionales"],"_links":{"self":[{"href":"https:\/\/www.radiolimari.cl\/index.php?rest_route=\/wp\/v2\/posts\/5278","targetHints":{"allow":["GET"]}}],"collection":[{"href":"https:\/\/www.radiolimari.cl\/index.php?rest_route=\/wp\/v2\/posts"}],"about":[{"href":"https:\/\/www.radiolimari.cl\/index.php?rest_route=\/wp\/v2\/types\/post"}],"author":[{"embeddable":true,"href":"https:\/\/www.radiolimari.cl\/index.php?rest_route=\/wp\/v2\/users\/2"}],"replies":[{"embeddable":true,"href":"https:\/\/www.radiolimari.cl\/index.php?rest_route=%2Fwp%2Fv2%2Fcomments&post=5278"}],"version-history":[{"count":1,"href":"https:\/\/www.radiolimari.cl\/index.php?rest_route=\/wp\/v2\/posts\/5278\/revisions"}],"predecessor-version":[{"id":5280,"href":"https:\/\/www.radiolimari.cl\/index.php?rest_route=\/wp\/v2\/posts\/5278\/revisions\/5280"}],"wp:featuredmedia":[{"embeddable":true,"href":"https:\/\/www.radiolimari.cl\/index.php?rest_route=\/wp\/v2\/media\/5279"}],"wp:attachment":[{"href":"https:\/\/www.radiolimari.cl\/index.php?rest_route=%2Fwp%2Fv2%2Fmedia&parent=5278"}],"wp:term":[{"taxonomy":"category","embeddable":true,"href":"https:\/\/www.radiolimari.cl\/index.php?rest_route=%2Fwp%2Fv2%2Fcategories&post=5278"},{"taxonomy":"post_tag","embeddable":true,"href":"https:\/\/www.radiolimari.cl\/index.php?rest_route=%2Fwp%2Fv2%2Ftags&post=5278"}],"curies":[{"name":"wp","href":"https:\/\/api.w.org\/{rel}","templated":true}]}}