{"id":5275,"date":"2021-06-16T19:43:45","date_gmt":"2021-06-16T19:43:45","guid":{"rendered":"http:\/\/www.radiolimari.cl\/?p=5275"},"modified":"2021-06-16T19:43:45","modified_gmt":"2021-06-16T19:43:45","slug":"el-76-de-la-poblacion-objetivo-de-ovalle-cuenta-con-la-primera-dosis-de-la-vacuna-contra-el-covid-19","status":"publish","type":"post","link":"https:\/\/www.radiolimari.cl\/?p=5275","title":{"rendered":"El 76% de la poblaci\u00f3n objetivo de Ovalle cuenta con la primera dosis de la vacuna contra el Covid-19"},"content":{"rendered":"<p><a href=\"https:\/\/www.radiolimari.cl\/wp-content\/uploads\/2021\/06\/16.6-Balance-de-vacunaci\u00f3n-Covid-19-Ovalle-1.jpg\"><img fetchpriority=\"high\" decoding=\"async\" class=\"alignnone size-medium wp-image-5276\" src=\"https:\/\/www.radiolimari.cl\/wp-content\/uploads\/2021\/06\/16.6-Balance-de-vacunaci\u00f3n-Covid-19-Ovalle-1-300x199.jpg\" alt=\"16.6 Balance de vacunaci\u00f3n Covid-19 Ovalle (1)\" width=\"300\" height=\"199\" srcset=\"https:\/\/www.radiolimari.cl\/wp-content\/uploads\/2021\/06\/16.6-Balance-de-vacunaci\u00f3n-Covid-19-Ovalle-1-300x199.jpg 300w, https:\/\/www.radiolimari.cl\/wp-content\/uploads\/2021\/06\/16.6-Balance-de-vacunaci\u00f3n-Covid-19-Ovalle-1-1024x682.jpg 1024w, https:\/\/www.radiolimari.cl\/wp-content\/uploads\/2021\/06\/16.6-Balance-de-vacunaci\u00f3n-Covid-19-Ovalle-1.jpg 1280w\" sizes=\"(max-width: 300px) 100vw, 300px\" \/><\/a><\/p>\n<p><strong><em>Hasta la fecha 69.701 personas cuentan con la primera dosis y 51.251 cerraron su proceso de protecci\u00f3n, lo que corresponde al 56% de quienes cumplen los requisitos y rangos de edad para recibir la vacuna.<\/em><\/strong><!--more--><\/p>\n<p>Un balance positivo ha arrojado el proceso de vacunaci\u00f3n contra el Covid-19 en Ovalle, puesto que 69.701 personas se han inoculado con la primera dosis, lo que equivale al 76% de la poblaci\u00f3n objetivo y 51.251 cerraron su proceso de protecci\u00f3n con ambas dosis, cifra que alcanza el 56% de quienes pueden optar a este beneficio.<\/p>\n<p>Si bien, las cifras se encuentran en el promedio nacional, a\u00fan existe una alta cantidad ovallinos y ovallinas que est\u00e1n dentro de la \u201cpoblaci\u00f3n rezagada\u201d, tanto en primera, como segunda dosis. Recordemos, que la \u201cpoblaci\u00f3n objetivo\u201d en la comuna, mayor de 18 a\u00f1os, alcanza las 92.183 personas.<\/p>\n<p>\u201cTenemos un balance positivo de la vacunaci\u00f3n en nuestra comuna, pero existe un gran cantidad de personas que se han quedado rezagadas con la segunda dosis, incluso hay quienes, cumpliendo con los requisitos, no ha asistido a inocularse con la primera dosis. Es importante que las personas se vacunen porque es el m\u00e9todo que tenemos para protegernos y evitar los efectos graves que provoca el Covid-19\u201d indic\u00f3 la jefa del departamento de Salud Municipal, \u00c1ngela Neira.<\/p>\n<p>Recordemos, que el departamento de Salud del municipio de Ovalle design\u00f3 el Estadio Municipal Diaguita como \u00fanico centro de vacunaci\u00f3n, debido a sus amplias dependencias y espacios ventilados, lo que asegura un adecuado distanciamiento social. El horario de atenci\u00f3n es de lunes a jueves de 9.00 a 16.00 horas y los viernes de 9.00 a 15.00 horas.<\/p>\n<p>Al respecto, el alcalde de Ovalle, Claudio Renter\u00eda sostuvo que \u201cnosotros tenemos dadas todas las condiciones en el Estadio Municipal Diaguita y cumplimos con todas las normas sanitarias para que nuestros usuarios no corran ning\u00fan riesgo de contagios. Lo ideal que toda la poblaci\u00f3n objetivo se vacune y de esta forma nos protejamos de esta pandemia que nos ha tra\u00eddo tantas repercusiones negativas\u201d.<\/p>\n<p>Esta semana deben vacunarse las personas de 20 y 21 a\u00f1os y quienes se inocularon la primera dosis entre el 17 y el 23 de mayo, adem\u00e1s de las mujeres embarazadas y la denominada poblaci\u00f3n rezagada.<\/p>\n<p>Como dato importante, quienes quieran realizarse el ex\u00e1men PCR pueden asistir de lunes a viernes de 9.00 a 13.00 horas y los d\u00edas s\u00e1bado de 10 a 13 horas.<\/p>\n","protected":false},"excerpt":{"rendered":"<p>Hasta la fecha 69.701 personas cuentan con la primera dosis y 51.251 cerraron su proceso de protecci\u00f3n, lo que corresponde al 56% de quienes cumplen los requisitos y rangos de edad para recibir la vacuna.<\/p>\n","protected":false},"author":2,"featured_media":5276,"comment_status":"open","ping_status":"open","sticky":false,"template":"","format":"standard","meta":{"footnotes":""},"categories":[5],"tags":[],"class_list":["post-5275","post","type-post","status-publish","format-standard","has-post-thumbnail","hentry","category-actualidad-limarina"],"_links":{"self":[{"href":"https:\/\/www.radiolimari.cl\/index.php?rest_route=\/wp\/v2\/posts\/5275","targetHints":{"allow":["GET"]}}],"collection":[{"href":"https:\/\/www.radiolimari.cl\/index.php?rest_route=\/wp\/v2\/posts"}],"about":[{"href":"https:\/\/www.radiolimari.cl\/index.php?rest_route=\/wp\/v2\/types\/post"}],"author":[{"embeddable":true,"href":"https:\/\/www.radiolimari.cl\/index.php?rest_route=\/wp\/v2\/users\/2"}],"replies":[{"embeddable":true,"href":"https:\/\/www.radiolimari.cl\/index.php?rest_route=%2Fwp%2Fv2%2Fcomments&post=5275"}],"version-history":[{"count":1,"href":"https:\/\/www.radiolimari.cl\/index.php?rest_route=\/wp\/v2\/posts\/5275\/revisions"}],"predecessor-version":[{"id":5277,"href":"https:\/\/www.radiolimari.cl\/index.php?rest_route=\/wp\/v2\/posts\/5275\/revisions\/5277"}],"wp:featuredmedia":[{"embeddable":true,"href":"https:\/\/www.radiolimari.cl\/index.php?rest_route=\/wp\/v2\/media\/5276"}],"wp:attachment":[{"href":"https:\/\/www.radiolimari.cl\/index.php?rest_route=%2Fwp%2Fv2%2Fmedia&parent=5275"}],"wp:term":[{"taxonomy":"category","embeddable":true,"href":"https:\/\/www.radiolimari.cl\/index.php?rest_route=%2Fwp%2Fv2%2Fcategories&post=5275"},{"taxonomy":"post_tag","embeddable":true,"href":"https:\/\/www.radiolimari.cl\/index.php?rest_route=%2Fwp%2Fv2%2Ftags&post=5275"}],"curies":[{"name":"wp","href":"https:\/\/api.w.org\/{rel}","templated":true}]}}