{"id":5251,"date":"2021-06-15T18:08:22","date_gmt":"2021-06-15T18:08:22","guid":{"rendered":"http:\/\/www.radiolimari.cl\/?p=5251"},"modified":"2021-06-15T18:08:22","modified_gmt":"2021-06-15T18:08:22","slug":"intendente-pablo-herman-la-pdi-es-un-orgullo-para-todo-el-pais","status":"publish","type":"post","link":"https:\/\/www.radiolimari.cl\/?p=5251","title":{"rendered":"Intendente Pablo Herman: \u201cLa PDI es un orgullo para todo el pa\u00eds\u201d"},"content":{"rendered":"<p><a href=\"https:\/\/www.radiolimari.cl\/wp-content\/uploads\/2021\/06\/15.6-pdi-intendencia.jpg\"><img decoding=\"async\" class=\"alignnone size-medium wp-image-5252\" src=\"https:\/\/www.radiolimari.cl\/wp-content\/uploads\/2021\/06\/15.6-pdi-intendencia-300x135.jpg\" alt=\"15.6 pdi intendencia\" width=\"300\" height=\"135\" srcset=\"https:\/\/www.radiolimari.cl\/wp-content\/uploads\/2021\/06\/15.6-pdi-intendencia-300x135.jpg 300w, https:\/\/www.radiolimari.cl\/wp-content\/uploads\/2021\/06\/15.6-pdi-intendencia-1024x460.jpg 1024w\" sizes=\"(max-width: 300px) 100vw, 300px\" \/><\/a><\/p>\n<p><strong><em>La autoridad visit\u00f3 al Prefecto Inspector Ricardo Gatica, para saludarlo por el aniversario institucional n\u00famero 88.<\/em><\/strong><!--more--><\/p>\n<p>A primera hora de este martes, el Intendente de Coquimbo, Pablo Herman, entreg\u00f3 su saludo protocolar a la Polic\u00eda de Investigaciones, en el contexto de la conmemoraci\u00f3n de un nuevo aniversario.<\/p>\n<p>Y es que el pr\u00f3ximo 19 de junio, la PDI cumple 88 a\u00f1os de existencia, por lo que el jefe regional se reuni\u00f3 con el Prefecto Inspector Ricardo Gatica, a quien le dijo que <strong>\u201cagradecemos el tremendo trabajo de todos los detectives, quienes d\u00eda y noche siguen demostrando su tremenda vocaci\u00f3n de servicio\u201d<\/strong>.<\/p>\n<p>Un aniversario que se vive de manera distinta, con luto institucional, ya que el pasado domingo, una funcionaria de la PDI muri\u00f3 tras recibir un disparo durante un enfrentamiento en la comuna de La Pintana, en la Regi\u00f3n Metropolitana.<strong>\u00a0<\/strong><\/p>\n<p><strong>\u201cSabemos que es un aniversario distinto, en medio de la p\u00e9rdida de uno de los suyos quien cumpl\u00eda con su servicio y fue asesinada cobardemente, un acto que todos lamentamos y condenamos. Pero queremos transmitirles que ustedes contar\u00e1n siempre con todo nuestro apoyo, porque son un orgullo para todo el pa\u00eds y la regi\u00f3n\u201d<\/strong>, consign\u00f3 el Intendente Herman.<\/p>\n<p>&nbsp;<\/p>\n<p><strong>\u00a0<\/strong><\/p>\n","protected":false},"excerpt":{"rendered":"<p>La autoridad visit\u00f3 al Prefecto Inspector Ricardo Gatica, para saludarlo por el aniversario institucional n\u00famero 88.<\/p>\n","protected":false},"author":2,"featured_media":5252,"comment_status":"open","ping_status":"open","sticky":false,"template":"","format":"standard","meta":{"footnotes":""},"categories":[6],"tags":[],"class_list":["post-5251","post","type-post","status-publish","format-standard","has-post-thumbnail","hentry","category-regionales"],"_links":{"self":[{"href":"https:\/\/www.radiolimari.cl\/index.php?rest_route=\/wp\/v2\/posts\/5251","targetHints":{"allow":["GET"]}}],"collection":[{"href":"https:\/\/www.radiolimari.cl\/index.php?rest_route=\/wp\/v2\/posts"}],"about":[{"href":"https:\/\/www.radiolimari.cl\/index.php?rest_route=\/wp\/v2\/types\/post"}],"author":[{"embeddable":true,"href":"https:\/\/www.radiolimari.cl\/index.php?rest_route=\/wp\/v2\/users\/2"}],"replies":[{"embeddable":true,"href":"https:\/\/www.radiolimari.cl\/index.php?rest_route=%2Fwp%2Fv2%2Fcomments&post=5251"}],"version-history":[{"count":1,"href":"https:\/\/www.radiolimari.cl\/index.php?rest_route=\/wp\/v2\/posts\/5251\/revisions"}],"predecessor-version":[{"id":5253,"href":"https:\/\/www.radiolimari.cl\/index.php?rest_route=\/wp\/v2\/posts\/5251\/revisions\/5253"}],"wp:featuredmedia":[{"embeddable":true,"href":"https:\/\/www.radiolimari.cl\/index.php?rest_route=\/wp\/v2\/media\/5252"}],"wp:attachment":[{"href":"https:\/\/www.radiolimari.cl\/index.php?rest_route=%2Fwp%2Fv2%2Fmedia&parent=5251"}],"wp:term":[{"taxonomy":"category","embeddable":true,"href":"https:\/\/www.radiolimari.cl\/index.php?rest_route=%2Fwp%2Fv2%2Fcategories&post=5251"},{"taxonomy":"post_tag","embeddable":true,"href":"https:\/\/www.radiolimari.cl\/index.php?rest_route=%2Fwp%2Fv2%2Ftags&post=5251"}],"curies":[{"name":"wp","href":"https:\/\/api.w.org\/{rel}","templated":true}]}}