{"id":5236,"date":"2021-06-15T13:51:21","date_gmt":"2021-06-15T13:51:21","guid":{"rendered":"http:\/\/www.radiolimari.cl\/?p=5236"},"modified":"2021-06-15T13:51:21","modified_gmt":"2021-06-15T13:51:21","slug":"en-ovalle-se-licita-la-instalacion-de-semaforos-del-sector-puertas-del-sol","status":"publish","type":"post","link":"https:\/\/www.radiolimari.cl\/?p=5236","title":{"rendered":"En Ovalle se licita la instalaci\u00f3n de sem\u00e1foros del sector Puertas del Sol"},"content":{"rendered":"<p><a href=\"https:\/\/www.radiolimari.cl\/wp-content\/uploads\/2021\/06\/15.6-Puertas-del-Sol-semaforizaci\u00f3n.jpg\"><img fetchpriority=\"high\" decoding=\"async\" class=\"alignnone size-medium wp-image-5237\" src=\"https:\/\/www.radiolimari.cl\/wp-content\/uploads\/2021\/06\/15.6-Puertas-del-Sol-semaforizaci\u00f3n-300x200.jpg\" alt=\"15.6 Puertas del Sol semaforizaci\u00f3n\" width=\"300\" height=\"200\" srcset=\"https:\/\/www.radiolimari.cl\/wp-content\/uploads\/2021\/06\/15.6-Puertas-del-Sol-semaforizaci\u00f3n-300x200.jpg 300w, https:\/\/www.radiolimari.cl\/wp-content\/uploads\/2021\/06\/15.6-Puertas-del-Sol-semaforizaci\u00f3n-1024x682.jpg 1024w\" sizes=\"(max-width: 300px) 100vw, 300px\" \/><\/a><\/p>\n<p><strong><em>Este lunes 14 de junio se public\u00f3 el proceso de licitaci\u00f3n de esta obra muy importante, que permitir\u00e1 darle un orden vial a este sector en el cual, lamentablemente, han ocurrido accidentes vehiculares<\/em><\/strong><!--more--><\/p>\n<p>Era una de las obras m\u00e1s esperadas por los vecinos de Puertas del Sol. El municipio de Ovalle, este lunes 14 de junio, abri\u00f3 el proceso de licitaci\u00f3n de la \u201cSemaforizaci\u00f3n del sector Ruta 43 \u2013 Acceso Tuqui \u2013 Acceso Villa Puerta del Sol\u201d, que permitir\u00e1 darle un orden vial al ingreso de la zona norte de la capital limarina.<\/p>\n<p>La iniciativa estar\u00e1 durante 10 d\u00edas en el portal Mercado P\u00fablico, debido a que la administraci\u00f3n comunal le dio suma urgencia, para recibir a los oferentes que se interesen en llevar a cabo estos trabajos, que tienen una inversi\u00f3n de $59.943.567.<\/p>\n<p>El proyecto, elaborado por la Unidad Operativa de Control de Tr\u00e1nsito y trabajado en conjunto con el municipio de Ovalle, contempla la instalaci\u00f3n de 14 sem\u00e1foros, acci\u00f3n que aumentar\u00e1 la seguridad vial de automovilistas y peatones que transitan por el sector.<\/p>\n<p>\u201cTrabajamos en este proyecto porque sabemos que es muy necesario y por eso pretendemos que sea un proceso r\u00e1pido, porque queremos darle m\u00e1s seguridad, tanto a quienes ingresan, como salen por el sector norte de nuestra comuna. Asimismo, queremos disminuir el riesgo de los residentes de villa Puertas del Sol, que, lamentablemente, ha sido escenario de accidentes vehiculares y que esperamos que con la instalaci\u00f3n de sem\u00e1foros no vuelvan a suceder\u201d sostuvo el alcalde de Ovalle, Claudio Renter\u00eda.<\/p>\n<p>De acuerdo a los plazos de la publicaci\u00f3n, la apertura de las ofertas se realizar\u00e1 el pr\u00f3ximo 25 de junio, donde se conocer\u00e1 a las empresas interesadas en realizar este proyecto, que tendr\u00e1 un plazo de ejecuci\u00f3n de 90 d\u00edas. Posteriormente, se evaluar\u00e1 cada una de las propuestas, se realizar\u00e1 la adjudicaci\u00f3n de la obra, para dar paso a los trabajos en terreno.<\/p>\n<p>&nbsp;<\/p>\n","protected":false},"excerpt":{"rendered":"<p>Este lunes 14 de junio se public\u00f3 el proceso de licitaci\u00f3n de esta obra muy importante, que permitir\u00e1 darle un orden vial a este sector en el cual, lamentablemente, han ocurrido accidentes vehiculares<\/p>\n","protected":false},"author":2,"featured_media":5237,"comment_status":"open","ping_status":"open","sticky":false,"template":"","format":"standard","meta":{"footnotes":""},"categories":[5],"tags":[],"class_list":["post-5236","post","type-post","status-publish","format-standard","has-post-thumbnail","hentry","category-actualidad-limarina"],"_links":{"self":[{"href":"https:\/\/www.radiolimari.cl\/index.php?rest_route=\/wp\/v2\/posts\/5236","targetHints":{"allow":["GET"]}}],"collection":[{"href":"https:\/\/www.radiolimari.cl\/index.php?rest_route=\/wp\/v2\/posts"}],"about":[{"href":"https:\/\/www.radiolimari.cl\/index.php?rest_route=\/wp\/v2\/types\/post"}],"author":[{"embeddable":true,"href":"https:\/\/www.radiolimari.cl\/index.php?rest_route=\/wp\/v2\/users\/2"}],"replies":[{"embeddable":true,"href":"https:\/\/www.radiolimari.cl\/index.php?rest_route=%2Fwp%2Fv2%2Fcomments&post=5236"}],"version-history":[{"count":1,"href":"https:\/\/www.radiolimari.cl\/index.php?rest_route=\/wp\/v2\/posts\/5236\/revisions"}],"predecessor-version":[{"id":5238,"href":"https:\/\/www.radiolimari.cl\/index.php?rest_route=\/wp\/v2\/posts\/5236\/revisions\/5238"}],"wp:featuredmedia":[{"embeddable":true,"href":"https:\/\/www.radiolimari.cl\/index.php?rest_route=\/wp\/v2\/media\/5237"}],"wp:attachment":[{"href":"https:\/\/www.radiolimari.cl\/index.php?rest_route=%2Fwp%2Fv2%2Fmedia&parent=5236"}],"wp:term":[{"taxonomy":"category","embeddable":true,"href":"https:\/\/www.radiolimari.cl\/index.php?rest_route=%2Fwp%2Fv2%2Fcategories&post=5236"},{"taxonomy":"post_tag","embeddable":true,"href":"https:\/\/www.radiolimari.cl\/index.php?rest_route=%2Fwp%2Fv2%2Ftags&post=5236"}],"curies":[{"name":"wp","href":"https:\/\/api.w.org\/{rel}","templated":true}]}}