{"id":5227,"date":"2021-06-14T13:50:24","date_gmt":"2021-06-14T13:50:24","guid":{"rendered":"http:\/\/www.radiolimari.cl\/?p=5227"},"modified":"2021-06-14T14:04:21","modified_gmt":"2021-06-14T14:04:21","slug":"se-declara-alerta-temprana-preventiva-para-la-region-de-coquimbo-por-evento-meteorologico","status":"publish","type":"post","link":"https:\/\/www.radiolimari.cl\/?p=5227","title":{"rendered":"Se declara Alerta Temprana Preventiva para la Regi\u00f3n de Coquimbo por evento meteorol\u00f3gico"},"content":{"rendered":"<p><a href=\"https:\/\/www.radiolimari.cl\/wp-content\/uploads\/2021\/06\/el-tiempo-20211.jpg\"><img fetchpriority=\"high\" decoding=\"async\" class=\"alignnone size-medium wp-image-5230\" src=\"https:\/\/www.radiolimari.cl\/wp-content\/uploads\/2021\/06\/el-tiempo-20211-300x194.jpg\" alt=\"el tiempo 2021\" width=\"300\" height=\"194\" srcset=\"https:\/\/www.radiolimari.cl\/wp-content\/uploads\/2021\/06\/el-tiempo-20211-300x194.jpg 300w, https:\/\/www.radiolimari.cl\/wp-content\/uploads\/2021\/06\/el-tiempo-20211-1024x664.jpg 1024w, https:\/\/www.radiolimari.cl\/wp-content\/uploads\/2021\/06\/el-tiempo-20211.jpg 2008w\" sizes=\"(max-width: 300px) 100vw, 300px\" \/><\/a><\/p>\n<p><span style=\"color: #666666;\">De acuerdo con la\u00a0<\/span><b style=\"color: #666666;\">informaci\u00f3n proporcionada por la Direcci\u00f3n Meteorol\u00f3gica de Chile (DMC),<\/b><span style=\"color: #666666;\">\u00a0mediante su Alerta Meteorol\u00f3gica , se espera viento de intensidad moderada a fuerte (entre 60 y 80, con rachas de 100 km\/h) en cordillera de la Regi\u00f3n de Coquimbo, durante los d\u00edas martes 15 y mi\u00e9rcoles 16 de junio.<\/span><!--more--><\/p>\n<p style=\"color: #666666;\">Asimismo, mediante el Aviso Meteorol\u00f3gico, se prev\u00e9 la ocurrencia de probables tormentas el\u00e9ctricas en la regi\u00f3n, durante el d\u00eda martes 15 de junio.<\/p>\n<p style=\"color: #666666;\">En consideraci\u00f3n a estos antecedentes, que suponen un aumento del riesgo asociado a esta variable, la Direcci\u00f3n Regional de ONEMI Coquimbo\u00a0<b>declara Alerta Temprana Preventiva<\/b>\u00a0<b>Regional<\/b>\u00a0por evento meteorol\u00f3gico, vigente a contar de hoy y hasta que las condiciones as\u00ed lo ameriten.<\/p>\n<p style=\"color: #666666;\"><b>ONEMI\u00a0<\/b>recomienda a la poblaci\u00f3n permanecer en un lugar seguro y evitar salir, a menos que sea absolutamente necesario; informarse sobre las condiciones del tiempo; y alejarse del tendido el\u00e9ctrico, grandes \u00e1rboles y carteles publicitarios, ya que podr\u00edan colapsar debido al viento.<\/p>\n<p style=\"color: #666666;\">En cuanto a las tormentas el\u00e9ctricas, evitar la proximidad a maquinarias, cercas o rejas de metal, alambrados y l\u00edneas el\u00e9ctricas y\/o de telefon\u00eda; y no utilizar equipos radiales, aparatos GPS, tel\u00e9fonos fijos o m\u00f3viles durante la tormenta.<\/p>\n","protected":false},"excerpt":{"rendered":"<p>De acuerdo con la\u00a0informaci\u00f3n proporcionada por la Direcci\u00f3n Meteorol\u00f3gica de Chile (DMC),\u00a0mediante su Alerta Meteorol\u00f3gica , se espera viento de intensidad moderada a fuerte (entre 60 y 80, con rachas de 100 km\/h) en cordillera de la Regi\u00f3n de Coquimbo, durante los d\u00edas martes 15 y mi\u00e9rcoles 16 de junio.<\/p>\n","protected":false},"author":2,"featured_media":5228,"comment_status":"open","ping_status":"open","sticky":false,"template":"","format":"standard","meta":{"footnotes":""},"categories":[3],"tags":[],"class_list":["post-5227","post","type-post","status-publish","format-standard","has-post-thumbnail","hentry","category-actualidad"],"_links":{"self":[{"href":"https:\/\/www.radiolimari.cl\/index.php?rest_route=\/wp\/v2\/posts\/5227","targetHints":{"allow":["GET"]}}],"collection":[{"href":"https:\/\/www.radiolimari.cl\/index.php?rest_route=\/wp\/v2\/posts"}],"about":[{"href":"https:\/\/www.radiolimari.cl\/index.php?rest_route=\/wp\/v2\/types\/post"}],"author":[{"embeddable":true,"href":"https:\/\/www.radiolimari.cl\/index.php?rest_route=\/wp\/v2\/users\/2"}],"replies":[{"embeddable":true,"href":"https:\/\/www.radiolimari.cl\/index.php?rest_route=%2Fwp%2Fv2%2Fcomments&post=5227"}],"version-history":[{"count":3,"href":"https:\/\/www.radiolimari.cl\/index.php?rest_route=\/wp\/v2\/posts\/5227\/revisions"}],"predecessor-version":[{"id":5232,"href":"https:\/\/www.radiolimari.cl\/index.php?rest_route=\/wp\/v2\/posts\/5227\/revisions\/5232"}],"wp:featuredmedia":[{"embeddable":true,"href":"https:\/\/www.radiolimari.cl\/index.php?rest_route=\/wp\/v2\/media\/5228"}],"wp:attachment":[{"href":"https:\/\/www.radiolimari.cl\/index.php?rest_route=%2Fwp%2Fv2%2Fmedia&parent=5227"}],"wp:term":[{"taxonomy":"category","embeddable":true,"href":"https:\/\/www.radiolimari.cl\/index.php?rest_route=%2Fwp%2Fv2%2Fcategories&post=5227"},{"taxonomy":"post_tag","embeddable":true,"href":"https:\/\/www.radiolimari.cl\/index.php?rest_route=%2Fwp%2Fv2%2Ftags&post=5227"}],"curies":[{"name":"wp","href":"https:\/\/api.w.org\/{rel}","templated":true}]}}