{"id":5219,"date":"2021-06-11T15:04:37","date_gmt":"2021-06-11T15:04:37","guid":{"rendered":"http:\/\/www.radiolimari.cl\/?p=5219"},"modified":"2021-06-11T15:04:37","modified_gmt":"2021-06-11T15:04:37","slug":"urgente-23-personas-se-han-reinfectado-de-coronavirus-en-la-region-de-coquimbo","status":"publish","type":"post","link":"https:\/\/www.radiolimari.cl\/?p=5219","title":{"rendered":"URGENTE: 23 personas se han reinfectado de Coronavirus en la regi\u00f3n de Coquimbo"},"content":{"rendered":"<p><a href=\"https:\/\/www.radiolimari.cl\/wp-content\/uploads\/2021\/06\/11.6-corona.jpeg\"><img fetchpriority=\"high\" decoding=\"async\" class=\"alignnone size-medium wp-image-5220\" src=\"https:\/\/www.radiolimari.cl\/wp-content\/uploads\/2021\/06\/11.6-corona-300x168.jpeg\" alt=\"11.6 corona\" width=\"300\" height=\"168\" srcset=\"https:\/\/www.radiolimari.cl\/wp-content\/uploads\/2021\/06\/11.6-corona-300x168.jpeg 300w, https:\/\/www.radiolimari.cl\/wp-content\/uploads\/2021\/06\/11.6-corona-1024x576.jpeg 1024w, https:\/\/www.radiolimari.cl\/wp-content\/uploads\/2021\/06\/11.6-corona.jpeg 1280w\" sizes=\"(max-width: 300px) 100vw, 300px\" \/><\/a><\/p>\n<p><strong>Autoridades reiteran el llamado a mantener las medidas preventivas en todo momento y lugar. <\/strong><!--more--><\/p>\n<p>En los \u00faltimos meses, el total de personas reinfectadas por Coronavirus ha aumentado de forma considerable en todo el pa\u00eds, y la regi\u00f3n de Coquimbo no ha sido la excepci\u00f3n.<\/p>\n<p>\u201cEn el \u00faltimo informe epidemiol\u00f3gico entregado por el Ministerio de Salud se indica que el 0,06% de los casos confirmados de Coronavirus a nivel regional se han reinfectado con la enfermedad. En total, son 23 las personas que han vuelto a contagiarse\u201d, explic\u00f3 el Epidemi\u00f3logo de la Seremi de Salud, Ra\u00fal Quintanilla.<\/p>\n<p>En Chile, el primer caso sospechoso de reinfecci\u00f3n se detect\u00f3 el 28 de julio del a\u00f1o pasado, casi cinco meses despu\u00e9s de la llegada del virus al pa\u00eds. Desde ese d\u00eda, ya van 1.201 casos sospechosos de reinfecci\u00f3n a nivel nacional. \u201cDe acuerdo a la definici\u00f3n que entrega la Autoridad Sanitaria, un caso sospechoso de reinfecci\u00f3n por Sars-Cov2 es aquella persona que tuvo un primer episodio sintom\u00e1tico o asintom\u00e1tico confirmado y notificado de Covid_19 y que al menos 90 d\u00edas despu\u00e9s, presenta una nueva prueba positiva de test PCR para el virus con la evaluaci\u00f3n m\u00e9dica respectiva\u201d, agreg\u00f3 Quintanilla.<\/p>\n<p>Las autoridades de Salud reiteraron el llamado a mantener las medidas preventivas, independiente de si presentaron la enfermedad en alg\u00fan momento, si fueron contactos estrechos o si tienen completo el esquema de vacunaci\u00f3n.<\/p>\n<p>\u201cEn todo el mundo siguen las investigaciones en relaci\u00f3n al per\u00edodo que dura la inmunidad de una persona contagiada. Por eso, es importante que toda la poblaci\u00f3n extreme las medidas preventivas, en todo momento y lugar, ya que estas cifras demuestran que uno se puede volver a contagiar\u201d, finaliz\u00f3 Roberto Villalobos, Seremi (S) de Salud.<\/p>\n<p>&nbsp;<\/p>\n<p>&nbsp;<\/p>\n<p>&nbsp;<\/p>\n<p>&nbsp;<\/p>\n","protected":false},"excerpt":{"rendered":"<p>Autoridades reiteran el llamado a mantener las medidas preventivas en todo momento y lugar.<\/p>\n","protected":false},"author":2,"featured_media":5220,"comment_status":"open","ping_status":"open","sticky":false,"template":"","format":"standard","meta":{"footnotes":""},"categories":[6],"tags":[],"class_list":["post-5219","post","type-post","status-publish","format-standard","has-post-thumbnail","hentry","category-regionales"],"_links":{"self":[{"href":"https:\/\/www.radiolimari.cl\/index.php?rest_route=\/wp\/v2\/posts\/5219","targetHints":{"allow":["GET"]}}],"collection":[{"href":"https:\/\/www.radiolimari.cl\/index.php?rest_route=\/wp\/v2\/posts"}],"about":[{"href":"https:\/\/www.radiolimari.cl\/index.php?rest_route=\/wp\/v2\/types\/post"}],"author":[{"embeddable":true,"href":"https:\/\/www.radiolimari.cl\/index.php?rest_route=\/wp\/v2\/users\/2"}],"replies":[{"embeddable":true,"href":"https:\/\/www.radiolimari.cl\/index.php?rest_route=%2Fwp%2Fv2%2Fcomments&post=5219"}],"version-history":[{"count":1,"href":"https:\/\/www.radiolimari.cl\/index.php?rest_route=\/wp\/v2\/posts\/5219\/revisions"}],"predecessor-version":[{"id":5221,"href":"https:\/\/www.radiolimari.cl\/index.php?rest_route=\/wp\/v2\/posts\/5219\/revisions\/5221"}],"wp:featuredmedia":[{"embeddable":true,"href":"https:\/\/www.radiolimari.cl\/index.php?rest_route=\/wp\/v2\/media\/5220"}],"wp:attachment":[{"href":"https:\/\/www.radiolimari.cl\/index.php?rest_route=%2Fwp%2Fv2%2Fmedia&parent=5219"}],"wp:term":[{"taxonomy":"category","embeddable":true,"href":"https:\/\/www.radiolimari.cl\/index.php?rest_route=%2Fwp%2Fv2%2Fcategories&post=5219"},{"taxonomy":"post_tag","embeddable":true,"href":"https:\/\/www.radiolimari.cl\/index.php?rest_route=%2Fwp%2Fv2%2Ftags&post=5219"}],"curies":[{"name":"wp","href":"https:\/\/api.w.org\/{rel}","templated":true}]}}