{"id":5213,"date":"2021-06-11T14:55:46","date_gmt":"2021-06-11T14:55:46","guid":{"rendered":"http:\/\/www.radiolimari.cl\/?p=5213"},"modified":"2021-06-11T14:55:46","modified_gmt":"2021-06-11T14:55:46","slug":"rondas-extraordinarias-de-carabineros-arrojan-mas-de-1300-controles-durante-la-ultima-semana","status":"publish","type":"post","link":"https:\/\/www.radiolimari.cl\/?p=5213","title":{"rendered":"Rondas extraordinarias de Carabineros arrojan m\u00e1s de 1300 controles durante la \u00faltima semana"},"content":{"rendered":"<p><a href=\"https:\/\/www.radiolimari.cl\/wp-content\/uploads\/2021\/06\/11.6-rondas-1.jpeg\"><img fetchpriority=\"high\" decoding=\"async\" class=\"alignnone size-medium wp-image-5214\" src=\"https:\/\/www.radiolimari.cl\/wp-content\/uploads\/2021\/06\/11.6-rondas-1-300x224.jpeg\" alt=\"11.6 rondas 1\" width=\"300\" height=\"224\" srcset=\"https:\/\/www.radiolimari.cl\/wp-content\/uploads\/2021\/06\/11.6-rondas-1-300x224.jpeg 300w, https:\/\/www.radiolimari.cl\/wp-content\/uploads\/2021\/06\/11.6-rondas-1-1024x766.jpeg 1024w, https:\/\/www.radiolimari.cl\/wp-content\/uploads\/2021\/06\/11.6-rondas-1.jpeg 1280w\" sizes=\"(max-width: 300px) 100vw, 300px\" \/><\/a><\/p>\n<p><strong><em>Seg\u00fan detall\u00f3 la instituci\u00f3n, estos despliegues en terreno en diversos puntos de la regi\u00f3n, permitieron la detenci\u00f3n de 27 personas y 138 infracciones.<\/em><\/strong><!--more--><\/p>\n<p>Un nuevo balance policial realiz\u00f3 Carabineros de Chile, esta vez en la Subcomisar\u00eda de Tierras Blancas en Coquimbo, donde se puso acento al trabajo que realizan los funcionarios durante las rondas extraordinarias.<\/p>\n<p>Y es que estos despliegues especiales en terreno son una de las herramientas policiales que generan mayor acercamiento con la comunidad. <strong>\u201cEstos son trabajos focalizados que muestran el compromiso con los vecinos y que responden a la coordinaci\u00f3n que se sostiene con ellos para tener presencia en los barrios, un trabajo que ha dado resultados positivos\u201d<\/strong>, destac\u00f3 el Intendente Pablo Herman, quien salud\u00f3 a los efectivos al inicio de una nueva ronda extraordinaria en este sector de Coquimbo.<\/p>\n<p>De acuerdo al informe entregado por Carabineros, entre el 31 de mayo y el 6 de junio se realizaron 15 rondas preventivas, de las cuales 8 se hicieron en la Provincia de Elqui, 5 en Limar\u00ed, y 2 en la Provincia del Choapa, totalizando 1306 controles.<\/p>\n<p><strong>\u201cLas rondas nos ofrecen una oportunidad de mostrar lo que hacemos e impactar directamente en la sensaci\u00f3n de seguridad. Aqu\u00ed participan funcionarios que ya realizan turnos previos y se esfuerzan por entregar un mejor servicio, sin descuidar otros sectores\u201d<\/strong>, sostuvo el General Rodrigo Espinoza, Jefe de la IV Zona de Carabineros.<\/p>\n<p>El resultado de estos despliegues fue de 27 detenidos, 14 de ellos por \u00f3rdenes pendientes y 13 por delito flagrante. Adem\u00e1s, se cursaron 138 infracciones, la mayor\u00eda de ellas de tr\u00e1nsito.<\/p>\n<p>&nbsp;<\/p>\n<p><strong><em>Resultado Ronda Extraordinaria en Tierras Blancas.<\/em><\/strong><\/p>\n<p>Tras los diversos patrullajes preventivos realizados en este sector de Coquimbo durante la noche, Carabineros inform\u00f3 que se realizaron 598 controles, los que resultaron en:<\/p>\n<p>-03 detenidos por delito orden vigente.<\/p>\n<p>-01 detenidos por delito porte arma blanca.<\/p>\n<p>-01 detenidos por delito infracci\u00f3n ley 20.000.<\/p>\n<p>-01 detenidos por maltrato de obra.<\/p>\n<p>-107 infracciones.<\/p>\n<p>&nbsp;<\/p>\n","protected":false},"excerpt":{"rendered":"<p>Seg\u00fan detall\u00f3 la instituci\u00f3n, estos despliegues en terreno en diversos puntos de la regi\u00f3n, permitieron la detenci\u00f3n de 27 personas y 138 infracciones.<\/p>\n","protected":false},"author":2,"featured_media":5214,"comment_status":"open","ping_status":"open","sticky":false,"template":"","format":"standard","meta":{"footnotes":""},"categories":[6],"tags":[],"class_list":["post-5213","post","type-post","status-publish","format-standard","has-post-thumbnail","hentry","category-regionales"],"_links":{"self":[{"href":"https:\/\/www.radiolimari.cl\/index.php?rest_route=\/wp\/v2\/posts\/5213","targetHints":{"allow":["GET"]}}],"collection":[{"href":"https:\/\/www.radiolimari.cl\/index.php?rest_route=\/wp\/v2\/posts"}],"about":[{"href":"https:\/\/www.radiolimari.cl\/index.php?rest_route=\/wp\/v2\/types\/post"}],"author":[{"embeddable":true,"href":"https:\/\/www.radiolimari.cl\/index.php?rest_route=\/wp\/v2\/users\/2"}],"replies":[{"embeddable":true,"href":"https:\/\/www.radiolimari.cl\/index.php?rest_route=%2Fwp%2Fv2%2Fcomments&post=5213"}],"version-history":[{"count":1,"href":"https:\/\/www.radiolimari.cl\/index.php?rest_route=\/wp\/v2\/posts\/5213\/revisions"}],"predecessor-version":[{"id":5215,"href":"https:\/\/www.radiolimari.cl\/index.php?rest_route=\/wp\/v2\/posts\/5213\/revisions\/5215"}],"wp:featuredmedia":[{"embeddable":true,"href":"https:\/\/www.radiolimari.cl\/index.php?rest_route=\/wp\/v2\/media\/5214"}],"wp:attachment":[{"href":"https:\/\/www.radiolimari.cl\/index.php?rest_route=%2Fwp%2Fv2%2Fmedia&parent=5213"}],"wp:term":[{"taxonomy":"category","embeddable":true,"href":"https:\/\/www.radiolimari.cl\/index.php?rest_route=%2Fwp%2Fv2%2Fcategories&post=5213"},{"taxonomy":"post_tag","embeddable":true,"href":"https:\/\/www.radiolimari.cl\/index.php?rest_route=%2Fwp%2Fv2%2Ftags&post=5213"}],"curies":[{"name":"wp","href":"https:\/\/api.w.org\/{rel}","templated":true}]}}