{"id":5194,"date":"2021-06-11T13:36:14","date_gmt":"2021-06-11T13:36:14","guid":{"rendered":"http:\/\/www.radiolimari.cl\/?p=5194"},"modified":"2021-06-11T13:36:14","modified_gmt":"2021-06-11T13:36:14","slug":"en-ovalle-el-mirador-del-limari-i-y-villa-el-sauce-pronto-tendran-una-nueva-sede-social","status":"publish","type":"post","link":"https:\/\/www.radiolimari.cl\/?p=5194","title":{"rendered":"En Ovalle, El Mirador del Limar\u00ed I y Villa El Sauce pronto tendr\u00e1n una nueva sede social"},"content":{"rendered":"<p><a href=\"https:\/\/www.radiolimari.cl\/wp-content\/uploads\/2021\/06\/10.9-Villa-El-Mirador-1.jpg\"><img fetchpriority=\"high\" decoding=\"async\" class=\"alignnone size-medium wp-image-5195\" src=\"https:\/\/www.radiolimari.cl\/wp-content\/uploads\/2021\/06\/10.9-Villa-El-Mirador-1-300x225.jpg\" alt=\"10.9 Villa El Mirador 1\" width=\"300\" height=\"225\" srcset=\"https:\/\/www.radiolimari.cl\/wp-content\/uploads\/2021\/06\/10.9-Villa-El-Mirador-1-300x225.jpg 300w, https:\/\/www.radiolimari.cl\/wp-content\/uploads\/2021\/06\/10.9-Villa-El-Mirador-1-1024x768.jpg 1024w\" sizes=\"(max-width: 300px) 100vw, 300px\" \/><\/a><\/p>\n<p>Gracias a la gesti\u00f3n del municipio de Ovalle se obtuvo el financiamiento del ministerio de Vivienda y Urbanismo, a trav\u00e9s del Programa de Mejoramiento de Vivienda y Barrios (DS-27), que permitir\u00e1 la construcci\u00f3n de estos dos recintos comunitarios<!--more--><\/p>\n<p>Contentos est\u00e1n los vecinos de Villa El Sauce y El Mirador I, ya que ambos sectores residenciales de Ovalle fueron favorecidos con recursos del Programa de Mejoramiento de Vivienda y Barrios del ministerio de Vivienda (MINVU), lo que les permitir\u00e1 construir sus anheladas sedes sociales. Se trata de un financiamiento compartido, ya que el MINVU contribuye con el 90% y el 10% restante lo aporta el municipio.<\/p>\n<p>La obra se inici\u00f3 con la entrega de los terrenos, que es el primer paso para que los sectores favorecidos cuenten con una nueva sede social para reuniones y actividades vecinales y recreativas, dejando atr\u00e1s las incomodidades de no contar con dependencias para estos fines.<\/p>\n<p>En el caso de la Villa El Sauce, se construir\u00e1 un recinto de 166.77 metros cuadrados en la intersecci\u00f3n de las calles Alberto Blest Gana y Colo Colo, el cual incluye un cierre perimetral y obras complementarias. En tanto, en la Villa El Mirador del Limar\u00ed I se edificar\u00e1n dependencias que alcanzan los 181.44 metros cuadrados, las cuales se ubicar\u00e1n en la Avenida Tuqui enfrente de la Avenida Manuel Pe\u00f1afiel. Ambas obras tienen un plazo de ejecuci\u00f3n de seis meses.<\/p>\n<p>Al respecto, la presidenta de la junta de vecinos de villa El Mirador del Limar\u00ed I, Lorena Mu\u00f1oz asegur\u00f3 que contar con su anhelada sede social \u201ces un aporte muy importante porque nos permitir\u00e1 realizar diversos tipos de actividades, como talleres para nuestros adultos mayores y aprovechar muchas iniciativas de PRODEMU, de Senda, que no pod\u00edamos realizar, porque no ten\u00edamos donde reunirnos y ahora no tendremos m\u00e1s este problema\u201d. Por su parte, la presidenta de la Villa El Sauce, Mar\u00eda Adones indic\u00f3 que este proyecto \u201cera muy esperado por todos, estamos muy contentos porque tendremos un lugar f\u00edsico para hacer reuniones y eventos, cuando la situaci\u00f3n sanitaria lo permite, pero para nosotros es un sue\u00f1o cumplido\u201d.<\/p>\n<p>En tanto, el alcalde Claudio Renter\u00eda afirm\u00f3 que el municipio de Ovalle est\u00e1 realizando un trabajo sostenido con el ministerio de Vivienda y Urbanismo \u201cque va en la l\u00ednea de trabajo de nuestra administraci\u00f3n comunal, que es dotar de recintos comunitarios a las organizaciones sociales locales, para que puedan realizar sin problemas sus actividades vecinales, obviamente, cuando la situaci\u00f3n sanitaria lo permita. Trabajamos con los vecinos y con el ministerio de vivienda y en los pr\u00f3ximos meses tanto la Villa El Sauce, como el Mirador del Limar\u00ed I tendr\u00e1n su nueva sede social\u201d.<\/p>\n","protected":false},"excerpt":{"rendered":"<p>Gracias a la gesti\u00f3n del municipio de Ovalle se obtuvo el financiamiento del ministerio de Vivienda y Urbanismo, a trav\u00e9s del Programa de Mejoramiento de Vivienda y Barrios (DS-27), que permitir\u00e1 la construcci\u00f3n de estos dos recintos comunitarios<\/p>\n","protected":false},"author":2,"featured_media":5195,"comment_status":"open","ping_status":"open","sticky":false,"template":"","format":"standard","meta":{"footnotes":""},"categories":[5],"tags":[],"class_list":["post-5194","post","type-post","status-publish","format-standard","has-post-thumbnail","hentry","category-actualidad-limarina"],"_links":{"self":[{"href":"https:\/\/www.radiolimari.cl\/index.php?rest_route=\/wp\/v2\/posts\/5194","targetHints":{"allow":["GET"]}}],"collection":[{"href":"https:\/\/www.radiolimari.cl\/index.php?rest_route=\/wp\/v2\/posts"}],"about":[{"href":"https:\/\/www.radiolimari.cl\/index.php?rest_route=\/wp\/v2\/types\/post"}],"author":[{"embeddable":true,"href":"https:\/\/www.radiolimari.cl\/index.php?rest_route=\/wp\/v2\/users\/2"}],"replies":[{"embeddable":true,"href":"https:\/\/www.radiolimari.cl\/index.php?rest_route=%2Fwp%2Fv2%2Fcomments&post=5194"}],"version-history":[{"count":1,"href":"https:\/\/www.radiolimari.cl\/index.php?rest_route=\/wp\/v2\/posts\/5194\/revisions"}],"predecessor-version":[{"id":5196,"href":"https:\/\/www.radiolimari.cl\/index.php?rest_route=\/wp\/v2\/posts\/5194\/revisions\/5196"}],"wp:featuredmedia":[{"embeddable":true,"href":"https:\/\/www.radiolimari.cl\/index.php?rest_route=\/wp\/v2\/media\/5195"}],"wp:attachment":[{"href":"https:\/\/www.radiolimari.cl\/index.php?rest_route=%2Fwp%2Fv2%2Fmedia&parent=5194"}],"wp:term":[{"taxonomy":"category","embeddable":true,"href":"https:\/\/www.radiolimari.cl\/index.php?rest_route=%2Fwp%2Fv2%2Fcategories&post=5194"},{"taxonomy":"post_tag","embeddable":true,"href":"https:\/\/www.radiolimari.cl\/index.php?rest_route=%2Fwp%2Fv2%2Ftags&post=5194"}],"curies":[{"name":"wp","href":"https:\/\/api.w.org\/{rel}","templated":true}]}}