{"id":5177,"date":"2021-06-08T20:12:50","date_gmt":"2021-06-08T20:12:50","guid":{"rendered":"http:\/\/www.radiolimari.cl\/?p=5177"},"modified":"2021-06-08T20:12:50","modified_gmt":"2021-06-08T20:12:50","slug":"cge-informa-de-cierre-de-oficinas-comerciales-en-ovalle-por-cuarentena","status":"publish","type":"post","link":"https:\/\/www.radiolimari.cl\/?p=5177","title":{"rendered":"CGE informa de cierre de oficinas comerciales en Ovalle por  #cuarentena"},"content":{"rendered":"<p><a href=\"https:\/\/www.radiolimari.cl\/wp-content\/uploads\/2021\/06\/cge.jpg\"><img fetchpriority=\"high\" decoding=\"async\" class=\"alignnone size-medium wp-image-5178\" src=\"https:\/\/www.radiolimari.cl\/wp-content\/uploads\/2021\/06\/cge-300x168.jpg\" alt=\"cge\" width=\"300\" height=\"168\" srcset=\"https:\/\/www.radiolimari.cl\/wp-content\/uploads\/2021\/06\/cge-300x168.jpg 300w, https:\/\/www.radiolimari.cl\/wp-content\/uploads\/2021\/06\/cge-1024x576.jpg 1024w, https:\/\/www.radiolimari.cl\/wp-content\/uploads\/2021\/06\/cge.jpg 1600w\" sizes=\"(max-width: 300px) 100vw, 300px\" \/><\/a><\/p>\n<p>El cierre de las oficinas se har\u00e1 efectivo a contar del jueves 10 de\u00a0junio.<!--more--><\/p>\n<h4>CGE informa que, ante la determinaci\u00f3n de la\u00a0autoridad sanitaria de decretar cuarentena en Ovalle, nuestra oficina comercial\u00a0ubicada en esta comuna solo permanecer\u00e1 abierta hasta el mi\u00e9rcoles 9 de junio en su horario habitual.<\/h4>\n<h4>El cierre de las oficinas se har\u00e1 efectivo a contar del pr\u00f3ximo jueves 10 de junio. Este local reabrir\u00e1 su atenci\u00f3n al p\u00fablico una vez que la autoridad sanitaria levante las respectivas cuarentenas.<\/h4>\n<h4>Esta medida busca resguardar la salud y seguridad de los clientes y colaboradores de CGE.<\/h4>\n<h4>Asimismo, los clientes que deseen realizar consultas de car\u00e1cter comercial pueden utilizar la p\u00e1gina web www.cge.cl, el Fono Clientes 800 800 767 y la cuenta de Twitter @CGE_Clientes.<\/h4>\n<h4>\nNuestros clientes que quieran consultar por sus boletas y el proceso de facturaci\u00f3n provisoria, realizado durante esta crisis sanitaria, podr\u00e1n enviar una foto de su boleta junto al n\u00famero de cliente al correo <a href=\"mailto:lecturas@cge.cl\">lecturas@cge.cl<\/a>.<\/h4>\n<h4>CGE lamenta los inconvenientes que esto pueda provocar y pide comprensi\u00f3n a sus clientes en estas circunstancias extraordinarias.<\/h4>\n","protected":false},"excerpt":{"rendered":"<p>El cierre de las oficinas se har\u00e1 efectivo a contar del jueves 10 de\u00a0junio.<\/p>\n","protected":false},"author":2,"featured_media":5178,"comment_status":"open","ping_status":"open","sticky":false,"template":"","format":"standard","meta":{"footnotes":""},"categories":[3],"tags":[],"class_list":["post-5177","post","type-post","status-publish","format-standard","has-post-thumbnail","hentry","category-actualidad"],"_links":{"self":[{"href":"https:\/\/www.radiolimari.cl\/index.php?rest_route=\/wp\/v2\/posts\/5177","targetHints":{"allow":["GET"]}}],"collection":[{"href":"https:\/\/www.radiolimari.cl\/index.php?rest_route=\/wp\/v2\/posts"}],"about":[{"href":"https:\/\/www.radiolimari.cl\/index.php?rest_route=\/wp\/v2\/types\/post"}],"author":[{"embeddable":true,"href":"https:\/\/www.radiolimari.cl\/index.php?rest_route=\/wp\/v2\/users\/2"}],"replies":[{"embeddable":true,"href":"https:\/\/www.radiolimari.cl\/index.php?rest_route=%2Fwp%2Fv2%2Fcomments&post=5177"}],"version-history":[{"count":1,"href":"https:\/\/www.radiolimari.cl\/index.php?rest_route=\/wp\/v2\/posts\/5177\/revisions"}],"predecessor-version":[{"id":5179,"href":"https:\/\/www.radiolimari.cl\/index.php?rest_route=\/wp\/v2\/posts\/5177\/revisions\/5179"}],"wp:featuredmedia":[{"embeddable":true,"href":"https:\/\/www.radiolimari.cl\/index.php?rest_route=\/wp\/v2\/media\/5178"}],"wp:attachment":[{"href":"https:\/\/www.radiolimari.cl\/index.php?rest_route=%2Fwp%2Fv2%2Fmedia&parent=5177"}],"wp:term":[{"taxonomy":"category","embeddable":true,"href":"https:\/\/www.radiolimari.cl\/index.php?rest_route=%2Fwp%2Fv2%2Fcategories&post=5177"},{"taxonomy":"post_tag","embeddable":true,"href":"https:\/\/www.radiolimari.cl\/index.php?rest_route=%2Fwp%2Fv2%2Ftags&post=5177"}],"curies":[{"name":"wp","href":"https:\/\/api.w.org\/{rel}","templated":true}]}}