{"id":5171,"date":"2021-06-08T19:47:38","date_gmt":"2021-06-08T19:47:38","guid":{"rendered":"http:\/\/www.radiolimari.cl\/?p=5171"},"modified":"2021-06-08T19:47:38","modified_gmt":"2021-06-08T19:47:38","slug":"se-esperan-temperaturas-extremas-heladas-en-valles-junto-con-calor-en-valles-y-precordillera","status":"publish","type":"post","link":"https:\/\/www.radiolimari.cl\/?p=5171","title":{"rendered":"Se esperan temperaturas extremas: Heladas en valles junto con calor en valles y precordillera"},"content":{"rendered":"<p><a href=\"https:\/\/www.radiolimari.cl\/wp-content\/uploads\/2021\/06\/tahuinco-1.jpg\"><img decoding=\"async\" class=\"alignnone size-medium wp-image-5172\" src=\"https:\/\/www.radiolimari.cl\/wp-content\/uploads\/2021\/06\/tahuinco-1-300x163.jpg\" alt=\"???????????????????????????????\" width=\"300\" height=\"163\" srcset=\"https:\/\/www.radiolimari.cl\/wp-content\/uploads\/2021\/06\/tahuinco-1-300x163.jpg 300w, https:\/\/www.radiolimari.cl\/wp-content\/uploads\/2021\/06\/tahuinco-1.jpg 800w\" sizes=\"(max-width: 300px) 100vw, 300px\" \/><\/a><\/p>\n<p>&nbsp;<\/p>\n<p><span style=\"font-weight: 600; color: #000000;\">Dichas temperaturas se pronostican para los d\u00edas mi\u00e9rcoles 9 y jueves 10 de junio<\/span><!--more--><\/p>\n<div class=\"col-sm-1\" style=\"font-weight: 600; color: #000000;\">De acuerdo al \u00e1rea meteorol\u00f3gica del CEAZA, se pronostican bajas temperaturas y heladas locales en los valles de la Regi\u00f3n de Coquimbo, junto con altas temperaturas en los valles y en la precordillera de la Regi\u00f3n de Coquimbo.<\/div>\n<div style=\"font-weight: 600; color: #000000;\"><\/div>\n<div style=\"font-weight: 600; color: #000000;\">\n<p>Dichas temperaturas se pronostican para los d\u00edas mi\u00e9rcoles 9 y jueves 10 de junio.<\/p>\n<p lang=\"es-MX\" align=\"justify\">A continuaci\u00f3n se entrega informaci\u00f3n detallada del pron\u00f3stico de temperaturas m\u00ednimas:<\/p>\n<p lang=\"es-MX\" align=\"justify\"><a style=\"font-weight: normal; color: #c5d000;\" href=\"http:\/\/www.ceaza.cl\/wp-content\/uploads\/2021\/06\/i%CC%81ndice-.png\"><img fetchpriority=\"high\" decoding=\"async\" class=\"wp-image-12868 aligncenter\" style=\"color: transparent;\" src=\"http:\/\/www.ceaza.cl\/wp-content\/uploads\/2021\/06\/i%CC%81ndice-.png\" alt=\"\" width=\"394\" height=\"219\" \/><\/a><\/p>\n<p lang=\"es-MX\" align=\"justify\">En tanto que tambi\u00e9n se esperan altas temperaturas, de acuerdo al reporte realizado desde el CEAZA. En el siguiente cuadro se entrega informaci\u00f3n detallada:<\/p>\n<p lang=\"es-MX\" align=\"justify\"><a style=\"font-weight: normal; color: #c5d000;\" href=\"http:\/\/www.ceaza.cl\/wp-content\/uploads\/2021\/06\/i%CC%81ndice-AL.png\"><img decoding=\"async\" class=\" wp-image-12869 aligncenter\" style=\"color: transparent;\" src=\"http:\/\/www.ceaza.cl\/wp-content\/uploads\/2021\/06\/i%CC%81ndice-AL.png\" alt=\"\" width=\"254\" height=\"236\" \/><\/a><\/p>\n<p lang=\"es-MX\" align=\"justify\">De acuerdo a Luis Mu\u00f1oz, meteor\u00f3logo del CEAZA, \u201clas bajas temperaturas que se registrar\u00e1n en los valles de la Regi\u00f3n de Coquimbo se producir\u00e1n debido al tr\u00e1nsito de una alta presi\u00f3n fr\u00eda desde el oc\u00e9ano Pac\u00edfico hacia Argentina, la que viene detr\u00e1s del sistema frontal que est\u00e1 actualmente afectando a la zona sur y austral de Chile\u201d.<\/p>\n<p lang=\"es-MX\" align=\"justify\">Para mayor detalle del pron\u00f3stico del tiempo en la Regi\u00f3n de Coquimbo recuerda visitar la p\u00e1gina web del laboratorio de Meteorolog\u00eda del CEAZA:\u00a0<a style=\"font-weight: normal; color: #c5d000;\" href=\"http:\/\/www.ceazamet.cl\/index.php?pag=mod_pronostico&amp;p_cod=ceazamet\">http:\/\/www.ceazamet.cl\/index.php?pag=mod_pronostico&amp;p_cod=ceazamet<\/a><\/p>\n<\/div>\n","protected":false},"excerpt":{"rendered":"<p>&nbsp; Dichas temperaturas se pronostican para los d\u00edas mi\u00e9rcoles 9 y jueves 10 de junio<\/p>\n","protected":false},"author":2,"featured_media":5172,"comment_status":"open","ping_status":"open","sticky":false,"template":"","format":"standard","meta":{"footnotes":""},"categories":[3],"tags":[],"class_list":["post-5171","post","type-post","status-publish","format-standard","has-post-thumbnail","hentry","category-actualidad"],"_links":{"self":[{"href":"https:\/\/www.radiolimari.cl\/index.php?rest_route=\/wp\/v2\/posts\/5171","targetHints":{"allow":["GET"]}}],"collection":[{"href":"https:\/\/www.radiolimari.cl\/index.php?rest_route=\/wp\/v2\/posts"}],"about":[{"href":"https:\/\/www.radiolimari.cl\/index.php?rest_route=\/wp\/v2\/types\/post"}],"author":[{"embeddable":true,"href":"https:\/\/www.radiolimari.cl\/index.php?rest_route=\/wp\/v2\/users\/2"}],"replies":[{"embeddable":true,"href":"https:\/\/www.radiolimari.cl\/index.php?rest_route=%2Fwp%2Fv2%2Fcomments&post=5171"}],"version-history":[{"count":1,"href":"https:\/\/www.radiolimari.cl\/index.php?rest_route=\/wp\/v2\/posts\/5171\/revisions"}],"predecessor-version":[{"id":5173,"href":"https:\/\/www.radiolimari.cl\/index.php?rest_route=\/wp\/v2\/posts\/5171\/revisions\/5173"}],"wp:featuredmedia":[{"embeddable":true,"href":"https:\/\/www.radiolimari.cl\/index.php?rest_route=\/wp\/v2\/media\/5172"}],"wp:attachment":[{"href":"https:\/\/www.radiolimari.cl\/index.php?rest_route=%2Fwp%2Fv2%2Fmedia&parent=5171"}],"wp:term":[{"taxonomy":"category","embeddable":true,"href":"https:\/\/www.radiolimari.cl\/index.php?rest_route=%2Fwp%2Fv2%2Fcategories&post=5171"},{"taxonomy":"post_tag","embeddable":true,"href":"https:\/\/www.radiolimari.cl\/index.php?rest_route=%2Fwp%2Fv2%2Ftags&post=5171"}],"curies":[{"name":"wp","href":"https:\/\/api.w.org\/{rel}","templated":true}]}}