{"id":5154,"date":"2021-06-02T20:08:55","date_gmt":"2021-06-02T20:08:55","guid":{"rendered":"http:\/\/www.radiolimari.cl\/?p=5154"},"modified":"2021-06-02T20:08:55","modified_gmt":"2021-06-02T20:08:55","slug":"intendente-pablo-herman-ha-sido-un-ano-complejo-en-el-que-el-presidente-pinera-se-ha-hecho-cargo-de-las-demandas-mas-urgentes","status":"publish","type":"post","link":"https:\/\/www.radiolimari.cl\/?p=5154","title":{"rendered":"Intendente Pablo Herman: \u201cHa sido un a\u00f1o complejo, en el que el Presidente Pi\u00f1era se ha hecho cargo de las demandas m\u00e1s urgentes\u00bb"},"content":{"rendered":"<p><a href=\"https:\/\/www.radiolimari.cl\/wp-content\/uploads\/2021\/06\/2.6-intendente.jpg\"><img decoding=\"async\" class=\"alignnone size-medium wp-image-5155\" src=\"https:\/\/www.radiolimari.cl\/wp-content\/uploads\/2021\/06\/2.6-intendente-300x135.jpg\" alt=\"2.6 intendente\" width=\"300\" height=\"135\" srcset=\"https:\/\/www.radiolimari.cl\/wp-content\/uploads\/2021\/06\/2.6-intendente-300x135.jpg 300w, https:\/\/www.radiolimari.cl\/wp-content\/uploads\/2021\/06\/2.6-intendente-1024x460.jpg 1024w\" sizes=\"(max-width: 300px) 100vw, 300px\" \/><\/a><\/p>\n<p><strong><em>La m\u00e1xima autoridad de la Regi\u00f3n de Coquimbo destac\u00f3 el mensaje presidencial, principalmente, en \u00e1mbitos como la Salud, Protecci\u00f3n Social y Reactivaci\u00f3n Econ\u00f3mica<\/em><\/strong><!--more--><\/p>\n<p>Acompa\u00f1ado de los Seremis de Desarrollo Social y Econom\u00eda, el Intendente de Coquimbo, Pablo Herman, se refiri\u00f3 a la Cuenta P\u00fablica del Presidente Sebasti\u00e1n Pi\u00f1era, entregada este martes al Congreso y a todo el pa\u00eds.<\/p>\n<p>Se trat\u00f3 de la \u00faltima rendici\u00f3n del Jefe de Estado y que, tal como destac\u00f3 la m\u00e1xima autoridad de la regi\u00f3n, <strong>\u201cdestaca hitos muy importantes en un a\u00f1o complejo, pero en el que nunca hemos perdido el horizonte. El Presidente Pi\u00f1era se ha hecho cargo de las demandas m\u00e1s urgentes, que nacen a partir del descontento social. Todo en el contexto de una pandemia que ha tenido a miles de familias con problemas econ\u00f3micos y que, adem\u00e1s, han perdido a sus familiares\u201d<\/strong>.<\/p>\n<p>El mensaje presidencial hizo alusi\u00f3n a los principales avances en los compromisos de campa\u00f1a, como la protecci\u00f3n de los ni\u00f1os, ni\u00f1as y adolescentes, la Agenda Mujer, el mejoramiento de las pensiones de los adultos mayores y la crisis migratoria, por nombrar algunas.<\/p>\n<p><strong>\u201cHubo un \u00e9nfasis muy especial en la Salud, que en la regi\u00f3n se resume con la ejecuci\u00f3n de los hospitales de La Serena, Illapel y Coquimbo, con los que potenciaremos nuestra Red Hospitalaria y podremos atender de mejor manera a nuestros vecinos por otras patolog\u00edas\u201d<\/strong>, sostuvo el Intendente Herman, recalcando tambi\u00e9n el anuncio del proyecto de Ley para la creaci\u00f3n de un fondo de salud extraordinario que buscar\u00e1 financiar, principalmente, la lucha contra el covid-19.<\/p>\n<p>Junto con esto, las autoridades remarcaron la gesti\u00f3n por la reactivaci\u00f3n econ\u00f3mica y la protecci\u00f3n laboral, \u00e1mbitos de gran relevancia para el apoyo de las familias y comerciantes que sufrieron impacto no s\u00f3lo por la pandemia, sino tambi\u00e9n por el estallido social.<\/p>\n<p>Al respecto, el Seremi de Econom\u00eda, Carlos Lillo, manifest\u00f3 que <strong>\u201chemos venido desarrollando una Red de Protecci\u00f3n Social s\u00f3lida para dar dinamismo a la econom\u00eda, dentro de lo que nos impone el escenario sanitario. El Presidente Pi\u00f1era nos ha planteado seguir en esta l\u00ednea y recuperar empleos. Tenemos en visto proyectos que vienen desde el mundo p\u00fablico y tambi\u00e9n desde la parte privada, y seguiremos adelante con toda la ayuda financiera directa a las Pymes y los apoyos de Corfo y Sercotec, que es el camino que hemos trazado en la regi\u00f3n\u201d<\/strong>.<\/p>\n<p>Por su parte, el Seremi de Desarrollo Social, Marcelo Telias, subray\u00f3 las medidas sociales que ha impulsado el Gobierno durante el \u00faltimo a\u00f1o, y que han puesto a Chile entre los cinco primeros pa\u00edses de Am\u00e9rica Latina en destinar recursos para apoyar a las familias.<\/p>\n<p>Telias enfatiz\u00f3 que <strong>\u201cvamos a Fortalecer la Red de Protecci\u00f3n, as\u00ed lo ha comprometido nuestro Presidente Sebasti\u00e1n Pi\u00f1era, porque esto nos ha permitido potenciar las ayudas por medio del Ingreso Familiar de Emergencia (IFE) Ampliado, llegando a las familias vulnerables y que la est\u00e1n pasando mal en la pandemia. Junto con lo anterior, el nuevo servicio Mejor Ni\u00f1ez, que busca devolverles el cari\u00f1o, cuidado y dignidad que necesitan nuestros ni\u00f1os, ni\u00f1as y adolescentes, y por supuesto el Buen Trato al Adulto Mayor, as\u00ed como tambi\u00e9n el \u00e9nfasis en la Clase Media tan golpeada por esta crisis sanitaria\u201d<\/strong>.<\/p>\n<p>Finalmente, el Intendente Herman indic\u00f3 que \u00e9sta fue una cuenta p\u00fablica maciza y con un mensaje reflexivo, que invita a los chilenos a reencontrarse, a trabajar unidos por un futuro com\u00fan y mejor para todos, a superar toda diferencia y seguir adelante pese a los momentos cr\u00edticos que hoy vive nuestro pa\u00eds.<\/p>\n","protected":false},"excerpt":{"rendered":"<p>La m\u00e1xima autoridad de la Regi\u00f3n de Coquimbo destac\u00f3 el mensaje presidencial, principalmente, en \u00e1mbitos como la Salud, Protecci\u00f3n Social y Reactivaci\u00f3n Econ\u00f3mica<\/p>\n","protected":false},"author":2,"featured_media":5155,"comment_status":"open","ping_status":"open","sticky":false,"template":"","format":"standard","meta":{"footnotes":""},"categories":[6],"tags":[],"class_list":["post-5154","post","type-post","status-publish","format-standard","has-post-thumbnail","hentry","category-regionales"],"_links":{"self":[{"href":"https:\/\/www.radiolimari.cl\/index.php?rest_route=\/wp\/v2\/posts\/5154","targetHints":{"allow":["GET"]}}],"collection":[{"href":"https:\/\/www.radiolimari.cl\/index.php?rest_route=\/wp\/v2\/posts"}],"about":[{"href":"https:\/\/www.radiolimari.cl\/index.php?rest_route=\/wp\/v2\/types\/post"}],"author":[{"embeddable":true,"href":"https:\/\/www.radiolimari.cl\/index.php?rest_route=\/wp\/v2\/users\/2"}],"replies":[{"embeddable":true,"href":"https:\/\/www.radiolimari.cl\/index.php?rest_route=%2Fwp%2Fv2%2Fcomments&post=5154"}],"version-history":[{"count":1,"href":"https:\/\/www.radiolimari.cl\/index.php?rest_route=\/wp\/v2\/posts\/5154\/revisions"}],"predecessor-version":[{"id":5156,"href":"https:\/\/www.radiolimari.cl\/index.php?rest_route=\/wp\/v2\/posts\/5154\/revisions\/5156"}],"wp:featuredmedia":[{"embeddable":true,"href":"https:\/\/www.radiolimari.cl\/index.php?rest_route=\/wp\/v2\/media\/5155"}],"wp:attachment":[{"href":"https:\/\/www.radiolimari.cl\/index.php?rest_route=%2Fwp%2Fv2%2Fmedia&parent=5154"}],"wp:term":[{"taxonomy":"category","embeddable":true,"href":"https:\/\/www.radiolimari.cl\/index.php?rest_route=%2Fwp%2Fv2%2Fcategories&post=5154"},{"taxonomy":"post_tag","embeddable":true,"href":"https:\/\/www.radiolimari.cl\/index.php?rest_route=%2Fwp%2Fv2%2Ftags&post=5154"}],"curies":[{"name":"wp","href":"https:\/\/api.w.org\/{rel}","templated":true}]}}