{"id":5147,"date":"2021-06-02T16:40:00","date_gmt":"2021-06-02T16:40:00","guid":{"rendered":"http:\/\/www.radiolimari.cl\/?p=5147"},"modified":"2021-06-02T16:40:00","modified_gmt":"2021-06-02T16:40:00","slug":"aprueban-parque-fotovoltaico-de-86-millones-de-dolares-en-monte-patria","status":"publish","type":"post","link":"https:\/\/www.radiolimari.cl\/?p=5147","title":{"rendered":"Aprueban parque fotovoltaico de 8,6   millones de d\u00f3lares en Monte Patria"},"content":{"rendered":"<p><a href=\"https:\/\/www.radiolimari.cl\/wp-content\/uploads\/2021\/06\/2.6-planta-solar.jpg\"><img fetchpriority=\"high\" decoding=\"async\" class=\"alignnone size-medium wp-image-5148\" src=\"https:\/\/www.radiolimari.cl\/wp-content\/uploads\/2021\/06\/2.6-planta-solar-300x200.jpg\" alt=\"2.6 planta solar\" width=\"300\" height=\"200\" srcset=\"https:\/\/www.radiolimari.cl\/wp-content\/uploads\/2021\/06\/2.6-planta-solar-300x200.jpg 300w, https:\/\/www.radiolimari.cl\/wp-content\/uploads\/2021\/06\/2.6-planta-solar.jpg 1024w\" sizes=\"(max-width: 300px) 100vw, 300px\" \/><\/a><\/p>\n<p><b style=\"color: #000000;\"><i>Proyecto renovable entregar\u00e1 energ\u00eda limpia a los requerimientos de la provincia de Limar\u00ed.<\/i><\/b><!--more--><\/p>\n<p style=\"color: #000000;\">La Regi\u00f3n de Coquimbo sigue sumando futuros proyectos energ\u00e9ticos, luego de que la Comisi\u00f3n de Evaluaci\u00f3n Ambiental de Coquimbo, presidida por el Intendente Pablo Herman, aprobara hoy la declaraci\u00f3n de un parque solar en la comuna de Monte Patria.<\/p>\n<p style=\"color: #000000;\">Se trata del Proyecto Parque Fotovoltaico Momano, de 7,5 MW de capacidad instalada, la que ser\u00e1 posible con la instalaci\u00f3n de 17.700 m\u00f3dulos solares, sobre una superficie de 15 hect\u00e1reas. El titular destinar\u00e1 una inversi\u00f3n de 8,6 millones de d\u00f3lares para esta iniciativa que tendr\u00e1 una vida \u00fatil de 40 a\u00f1os y la posibilidad de generar 64 empleos en la construcci\u00f3n y operaci\u00f3n del mismo.<\/p>\n<p style=\"color: #000000;\">Contempla adem\u00e1s una l\u00ednea de transmisi\u00f3n para evacuar la energ\u00eda generada hasta las redes de distribuci\u00f3n ubicadas aleda\u00f1as a la Ruta D-597. De acuerdo a la resoluci\u00f3n de la Comisi\u00f3n, el proyecto cumple con la normativa ambiental aplicable y los requisitos para el posterior otorgamiento de los permisos.<\/p>\n<p style=\"color: #000000;\">El Intendente Pablo Herman, destac\u00f3 que \u201ccon este tipo se proyectos, la regi\u00f3n sigue apostando por las energ\u00edas renovables para la reactivaci\u00f3n econ\u00f3mica. Hemos logrado bajar a un 8,8% de cesant\u00eda y eso se debe a los m\u00faltiples esfuerzos que estamos desarrollando para atraer inversiones y promover iniciativas que aporten con empleo a las familias. Y este trabajo implica potenciar a la construcci\u00f3n, los servicios, el turismo y tambi\u00e9n nuestras energ\u00edas renovables que son un recurso que debemos seguir aprovechando\u00bb.<\/p>\n<p style=\"color: #000000;\">Por su parte, el Seremi de Energ\u00eda, \u00c1lvaro Herrera, indic\u00f3 que espera que esta nueva central fotovoltaica aprobada hoy \u201clogre convivir perfectamente con el entorno y las comunidades, para aportar a una matriz energ\u00e9tica m\u00e1s limpia y sustentable, aprovechando las condiciones naturales de la Regi\u00f3n de Coquimbo, en el marco de los desaf\u00edos comprometidos en el Plan de Descarbonizaci\u00f3n del Ministerio de Energ\u00eda\u201d.<\/p>\n<p style=\"color: #000000;\">La Comisi\u00f3n de Evaluaci\u00f3n Ambiental de la Regi\u00f3n de Coquimbo ya suma m\u00e1s de 1.000 MW aprobados en proyectos energ\u00e9ticos, desde 2018 a la fecha, lo que representa una inversi\u00f3n proyectada de 846 millones de d\u00f3lares. El parque, considerado un Peque\u00f1o Medio de Generaci\u00f3n Distribuido (PMGD), permitir\u00e1 evacuar la energ\u00eda a los centros de consumo m\u00e1s cercanos.<\/p>\n","protected":false},"excerpt":{"rendered":"<p>Proyecto renovable entregar\u00e1 energ\u00eda limpia a los requerimientos de la provincia de Limar\u00ed.<\/p>\n","protected":false},"author":2,"featured_media":5148,"comment_status":"open","ping_status":"open","sticky":false,"template":"","format":"standard","meta":{"footnotes":""},"categories":[5],"tags":[],"class_list":["post-5147","post","type-post","status-publish","format-standard","has-post-thumbnail","hentry","category-actualidad-limarina"],"_links":{"self":[{"href":"https:\/\/www.radiolimari.cl\/index.php?rest_route=\/wp\/v2\/posts\/5147","targetHints":{"allow":["GET"]}}],"collection":[{"href":"https:\/\/www.radiolimari.cl\/index.php?rest_route=\/wp\/v2\/posts"}],"about":[{"href":"https:\/\/www.radiolimari.cl\/index.php?rest_route=\/wp\/v2\/types\/post"}],"author":[{"embeddable":true,"href":"https:\/\/www.radiolimari.cl\/index.php?rest_route=\/wp\/v2\/users\/2"}],"replies":[{"embeddable":true,"href":"https:\/\/www.radiolimari.cl\/index.php?rest_route=%2Fwp%2Fv2%2Fcomments&post=5147"}],"version-history":[{"count":1,"href":"https:\/\/www.radiolimari.cl\/index.php?rest_route=\/wp\/v2\/posts\/5147\/revisions"}],"predecessor-version":[{"id":5149,"href":"https:\/\/www.radiolimari.cl\/index.php?rest_route=\/wp\/v2\/posts\/5147\/revisions\/5149"}],"wp:featuredmedia":[{"embeddable":true,"href":"https:\/\/www.radiolimari.cl\/index.php?rest_route=\/wp\/v2\/media\/5148"}],"wp:attachment":[{"href":"https:\/\/www.radiolimari.cl\/index.php?rest_route=%2Fwp%2Fv2%2Fmedia&parent=5147"}],"wp:term":[{"taxonomy":"category","embeddable":true,"href":"https:\/\/www.radiolimari.cl\/index.php?rest_route=%2Fwp%2Fv2%2Fcategories&post=5147"},{"taxonomy":"post_tag","embeddable":true,"href":"https:\/\/www.radiolimari.cl\/index.php?rest_route=%2Fwp%2Fv2%2Ftags&post=5147"}],"curies":[{"name":"wp","href":"https:\/\/api.w.org\/{rel}","templated":true}]}}