{"id":5141,"date":"2021-06-01T14:29:50","date_gmt":"2021-06-01T14:29:50","guid":{"rendered":"http:\/\/www.radiolimari.cl\/?p=5141"},"modified":"2021-06-01T14:29:50","modified_gmt":"2021-06-01T14:29:50","slug":"seremi-de-la-mujer-visita-a-la-unica-alcaldesa-electa-de-la-region-en-rio-hurtado-y-destaca-sus-multiples-desafios","status":"publish","type":"post","link":"https:\/\/www.radiolimari.cl\/?p=5141","title":{"rendered":"Seremi de la Mujer visita a la \u00fanica alcaldesa electa de la regi\u00f3n en R\u00edo Hurtado y destaca sus m\u00faltiples desaf\u00edos"},"content":{"rendered":"<p><a href=\"https:\/\/www.radiolimari.cl\/wp-content\/uploads\/2021\/06\/1.6-sernameg-en-rio-hurtado-1.jpg\"><img fetchpriority=\"high\" decoding=\"async\" class=\"alignnone size-medium wp-image-5142\" src=\"https:\/\/www.radiolimari.cl\/wp-content\/uploads\/2021\/06\/1.6-sernameg-en-rio-hurtado-1-300x189.jpg\" alt=\"1.6 sernameg en rio hurtado 1\" width=\"300\" height=\"189\" srcset=\"https:\/\/www.radiolimari.cl\/wp-content\/uploads\/2021\/06\/1.6-sernameg-en-rio-hurtado-1-300x189.jpg 300w, https:\/\/www.radiolimari.cl\/wp-content\/uploads\/2021\/06\/1.6-sernameg-en-rio-hurtado-1.jpg 936w\" sizes=\"(max-width: 300px) 100vw, 300px\" \/><\/a><\/p>\n<p>Juana Olivares de la Rivera vive en la localidad de Pichasca de R\u00edo Hurtado. Hasta all\u00ed lleg\u00f3 la seremi de la Mujer y la Equidad de G\u00e9nero, Iv\u00f3n Guerra junto a la Directora Regional de SernamEG, Mar\u00eda Soledad Rojas, quienes felicitaron a Olivares y destacaron el rol que tendr\u00e1 por ser la \u00fanica alcaldesa de la regi\u00f3n<!--more--><\/p>\n<p>Contadora Auditora de profesi\u00f3n, de oficio se denomina agricultora. Tiene dos hijos. Se considera feminista. Fue concejala por dos periodos. Dice ser una mujer luchadora y que tiene como objetivo defender los derechos de sus pares y que su\u00a0 comuna avance en igualdad y equidad de g\u00e9nero. Ella es Juana Olivares de la Rivera, actual jefa comunal electa de R\u00edo Hurtado. Olivares se convirti\u00f3 el pasado domingo 16 de mayo en ser la \u00fanica mujer alcaldesa de las 15 comunas que componen la regi\u00f3n de Coquimbo<\/p>\n<p>Juana Olivares de la Rivera vive en la localidad de Pichasca de R\u00edo Hurtado. Hasta all\u00ed lleg\u00f3 la seremi de la Mujer y la Equidad de G\u00e9nero, Iv\u00f3n Guerra junto a la Directora Regional de SernamEG, Mar\u00eda Soledad Rojas, quienes felicitaron a Olivares y destacaron el rol que tendr\u00e1 por ser la \u00fanica alcaldesa de la regi\u00f3n<\/p>\n<p>Hay que recordar que Olivares de la Rivera se present\u00f3 como Independiente y junto a otros 3 candidatos disputaron la alcald\u00eda riohurtadina. Fue electa con 1.147 votos alcanzado el 45.83 por ciento de los sufragios y doblando a su m\u00e1s cercano perseguidor, Edgard Anjel, quien sum\u00f3 507 votos,\u00a0 alcanzado el 20,26 por ciento.<\/p>\n<p><strong>\u201cHemos querido venir a felicitarla y a conversar con ella. Es la \u00fanica alcaldesa de la regi\u00f3n y tiene desaf\u00edos enormes. Confiamos que podr\u00e1 hacer un buen trabajo y sobre todo aplicar programas de SernamEG en su comuna que hasta ahora no existen. Ella es una mujer de esfuerzo. Como Gobierno y Ministerio queremos trabajar con los 15 alcaldes de la regi\u00f3n, pero sin duda ella tiene un plus especial al ser mujer y creemos firmemente que R\u00edo hurtado va avanzar en mayor igualdad de derechos y oportunidades para mujeres como tambi\u00e9n en la generaci\u00f3n de planes estrictos en erradicaci\u00f3n de violencia de g\u00e9nero\u201d,<\/strong> explic\u00f3 la seremi\u00a0 de la Mujer, Iv\u00f3n Guerra.<\/p>\n<p>Por su parte,\u00a0 la Directora Regional de SernamEG, Mar\u00eda Soledad Rojas, agreg\u00f3, \u201c<strong>Como Servicio Nacional de la Mujer y la Equidad de G\u00e9nero, contribuimos al\u00a0 fortalecimiento de la autonom\u00eda femenina mediante la implementaci\u00f3n de planes que promuevan su liderazgo, ejercicio ciudadano y participaci\u00f3n en la toma de decisiones en la sociedad. Y seguiremos avanzando con fuerza, ya que nuestro liderazgo y participaci\u00f3n, son puntos vitales para el progreso en la equidad de g\u00e9nero. Le deseamos todo el \u00e9xito a la alcaldesa y nos ponemos a su disposici\u00f3n para trabajar en conjunto por un Chile con mayores oportunidades para las mujeres\u201d<\/strong><\/p>\n<p>&nbsp;<\/p>\n<p><strong>Desaf\u00edos de g\u00e9nero y erradicaci\u00f3n de Violencia <\/strong><\/p>\n<p>Juana Olivares de la Rivera, agradeci\u00f3 la visita de las autoridades, con quienes dialog\u00f3 sobre sus desaf\u00edos en materia de mujer y de equidad\u00a0 de g\u00e9nero para R\u00edo Hurtado.<\/p>\n<p>Olivares dijo que uno de sus ejes centrales ser\u00e1 fortalecer el rol de las mujeres en la comuna y tal como se comprometi\u00f3 en su campa\u00f1a se\u00f1al\u00f3 que una de sus primeras acciones ser\u00e1 levantar la Oficina Comunal de la Mujer<\/p>\n<p><strong>\u201cEs una visita relevante e importante. Que venga hasta esta localidad la seremi y la directora a visitarnos, a conversar es muy valorable. La municipalidad no cuenta con Oficina de la Mujer y es uno de los desaf\u00edos que nosotros presentamos en el programa de trabajo y lo vamos hacer. Necesitamos que la mujer sea protegida y valorada. Necesitamos que las mujeres se reconozcan, empoderen, que descubran sus habilidades y que las desarrollen. Nosotros como autoridades debemos acompa\u00f1arlas durante este tr\u00e1nsito, entregarles herramientas para que as\u00ed avancen en independencia y autonom\u00eda econ\u00f3mica que es fundamental para que salgan del circulo de la violencia\u201d,<\/strong> explic\u00f3 la flamante nueva alcaldesa de R\u00edo Hurtado.<\/p>\n<p>Tras la conversaci\u00f3n Olivares invit\u00f3 a las autoridades a la Feria Dominguera de Emprendedoras de Pichasca, donde conocieron los distintos trabajos artesanales de mujeres riohurtadinas.<\/p>\n","protected":false},"excerpt":{"rendered":"<p>Juana Olivares de la Rivera vive en la localidad de Pichasca de R\u00edo Hurtado. Hasta all\u00ed lleg\u00f3 la seremi de la Mujer y la Equidad de G\u00e9nero, Iv\u00f3n Guerra junto a la Directora Regional de SernamEG, Mar\u00eda Soledad Rojas, quienes felicitaron a Olivares y destacaron el rol que tendr\u00e1 por ser la \u00fanica alcaldesa de &#8230;<\/p>\n","protected":false},"author":2,"featured_media":5142,"comment_status":"open","ping_status":"open","sticky":false,"template":"","format":"standard","meta":{"footnotes":""},"categories":[6],"tags":[],"class_list":["post-5141","post","type-post","status-publish","format-standard","has-post-thumbnail","hentry","category-regionales"],"_links":{"self":[{"href":"https:\/\/www.radiolimari.cl\/index.php?rest_route=\/wp\/v2\/posts\/5141","targetHints":{"allow":["GET"]}}],"collection":[{"href":"https:\/\/www.radiolimari.cl\/index.php?rest_route=\/wp\/v2\/posts"}],"about":[{"href":"https:\/\/www.radiolimari.cl\/index.php?rest_route=\/wp\/v2\/types\/post"}],"author":[{"embeddable":true,"href":"https:\/\/www.radiolimari.cl\/index.php?rest_route=\/wp\/v2\/users\/2"}],"replies":[{"embeddable":true,"href":"https:\/\/www.radiolimari.cl\/index.php?rest_route=%2Fwp%2Fv2%2Fcomments&post=5141"}],"version-history":[{"count":1,"href":"https:\/\/www.radiolimari.cl\/index.php?rest_route=\/wp\/v2\/posts\/5141\/revisions"}],"predecessor-version":[{"id":5143,"href":"https:\/\/www.radiolimari.cl\/index.php?rest_route=\/wp\/v2\/posts\/5141\/revisions\/5143"}],"wp:featuredmedia":[{"embeddable":true,"href":"https:\/\/www.radiolimari.cl\/index.php?rest_route=\/wp\/v2\/media\/5142"}],"wp:attachment":[{"href":"https:\/\/www.radiolimari.cl\/index.php?rest_route=%2Fwp%2Fv2%2Fmedia&parent=5141"}],"wp:term":[{"taxonomy":"category","embeddable":true,"href":"https:\/\/www.radiolimari.cl\/index.php?rest_route=%2Fwp%2Fv2%2Fcategories&post=5141"},{"taxonomy":"post_tag","embeddable":true,"href":"https:\/\/www.radiolimari.cl\/index.php?rest_route=%2Fwp%2Fv2%2Ftags&post=5141"}],"curies":[{"name":"wp","href":"https:\/\/api.w.org\/{rel}","templated":true}]}}