{"id":5134,"date":"2021-05-31T20:21:25","date_gmt":"2021-05-31T20:21:25","guid":{"rendered":"http:\/\/www.radiolimari.cl\/?p=5134"},"modified":"2021-05-31T20:21:25","modified_gmt":"2021-05-31T20:21:25","slug":"con-exito-se-ha-desarrollado-la-campana-yo-vacuno-a-mi-mascota-en-ovalle","status":"publish","type":"post","link":"https:\/\/www.radiolimari.cl\/?p=5134","title":{"rendered":"Con \u00e9xito se ha desarrollado la campa\u00f1a \u201cYo vacuno a mi Mascota\u201d en Ovalle"},"content":{"rendered":"<p><a href=\"https:\/\/www.radiolimari.cl\/wp-content\/uploads\/2021\/05\/31.5-Yo-vacuno-mi-mascota-ok.jpg\"><img fetchpriority=\"high\" decoding=\"async\" class=\"alignnone size-medium wp-image-5135\" src=\"https:\/\/www.radiolimari.cl\/wp-content\/uploads\/2021\/05\/31.5-Yo-vacuno-mi-mascota-ok-300x200.jpg\" alt=\"31.5 Yo vacuno mi mascota ok\" width=\"300\" height=\"200\" srcset=\"https:\/\/www.radiolimari.cl\/wp-content\/uploads\/2021\/05\/31.5-Yo-vacuno-mi-mascota-ok-300x200.jpg 300w, https:\/\/www.radiolimari.cl\/wp-content\/uploads\/2021\/05\/31.5-Yo-vacuno-mi-mascota-ok-1024x682.jpg 1024w\" sizes=\"(max-width: 300px) 100vw, 300px\" \/><\/a><\/p>\n<p><strong><em>El municipio de Ovalle, a trav\u00e9s del departamento de Medio Ambiente, est\u00e1 impulsando esta iniciativa que permite que felinos y caninos sean inoculados para protegerlos de diversas enfermedades. La campa\u00f1a comenz\u00f3 este mes de mayo y continuar\u00e1 en el mes de junio. <\/em><\/strong><!--more--><\/p>\n<p>\u201cYo vacuno a mi Mascota\u201d se denomina la campa\u00f1a que est\u00e1 impulsando el municipio de Ovalle, a trav\u00e9s del Departamento de Medio Ambiente, que permite que tanto caninos, como felinos sean inoculados de forma gratuita, para prevenir diversas enfermedades, que, en algunos casos, pueden ser mortales. Previo a esta iniciativa, los due\u00f1os de mascotas tuvieron que inscribirse para recibir este beneficio, que en esta oportunidad favorecer\u00e1 a 150 familias. Dentro de los requisitos est\u00e1 que las mascotas cuenten con su chip de identificaci\u00f3n y se encuentren inscritas en el Registro Nacional de Tenencias Responsable.<\/p>\n<p>El proceso, que se est\u00e1 desarrollando en dependencias del Punto Limpio, se inici\u00f3 el pasado 24 de mayo y desde esa fecha se ha vacunado a un promedio de 21 mascotas diarias, debido a que se deben cumplir las normas sanitarias preventivas, como distanciamiento social y aforos para prevenir contagios por el Covid-19. Al llegar se verifica el registro de las mascotas, se solicitan algunos datos y se les entregan algunas indicaciones, se pesa y luego recibe las vacunas correspondientes. La campa\u00f1a continuar\u00e1 durante el mes de junio y el horario de atenci\u00f3n es de lunes a viernes de 8.30 a 17:30 horas.<\/p>\n<p>En el caso de los perros, se les inocular\u00e1 la vacuna Octuple, que los protege del Parvovirus Canino, Distemper, Hepatitis Infecciosa Canina, Leptospirosis, Parainfluenza y el Coronavirus. A esta se suma, la vacuna Antirr\u00e1bica y la que previene la Traqueo Bronquitis. En lo que respecta, a los gatos se les administrar\u00e1 la vacuna Triple Felina, que les brinda protecci\u00f3n contra tres enfermedades virales, Rinotraque\u00edtis, Calicivirus y la Panleucopenia Felina, todas muy contagiosas y que requieren tratamiento temprano, por sus s\u00edntomas respiratorios y gastrointestinales. Adem\u00e1s, de la vacunas Antirr\u00e1bica y la que los protege de la Leucemia Felina.<\/p>\n<p>Es muy importante que tanto felinos, como caninos se vacunen porque esto permite que se protejan \u201cporque en varios sectores de la comuna se han encontrado murci\u00e9lagos portadores de Rabia y estas vacunas les permiten disminuir el riesgo de contagio de esta enfermedad y tambi\u00e9n en el caso del Distemper y Parvovirus que es un enfermedad muy com\u00fan en los perros, por lo que es importante mantenerlos protegidos durante este a\u00f1o\u201d indic\u00f3 el m\u00e9dico veterinario, David \u00c1lvarez. El profesional agreg\u00f3 que \u201clo ideal es mantener el calendario de vacunaci\u00f3n actualizado y frente a casos sospechosos de Rabia, lo correcto es acudir al Servicio de Salud, denunciar el caso y actuar a la brevedad. Adem\u00e1s, es muy importante que los due\u00f1os de mascotas realicen una tenencia responsable y est\u00e9n constantemente verificando su estado sanitario\u201d.<\/p>\n<p>Una de las beneficiarias fue Karen Rivera, quien llev\u00f3 a sus mascota y destac\u00f3 que es entregue este servicio de forma gratuita por parte del municipio local. \u201cMe parece maravilloso, porque en tiempos de pandemia mucha gente se encuentra sin trabajo y no puede destinar recursos para el cuidado de las mascotas. Es importante cuidarlas, porque son parte de nuestras familias y lamentablemente a veces dejamos de lado su cuidado por temas econ\u00f3micos, as\u00ed es que agradezco mucho esta oportunidad de tener este tipo de tratamiento gratis\u201d.<\/p>\n<p>Si la mascota no se encuentra registrada puede ingresar a <a href=\"http:\/\/www.registratumascota.cl\">www.registratumascota.cl<\/a> o acercarse a las dependencias del Departamento de Medio Ambiente con el comprobante de microchip o placa de su mascota firmada y timbrada por un m\u00e9dico veterinario. A este documento deber\u00e1 sumar la declaraci\u00f3n simple del registro de mascotas, para que los profesionales del municipio local puedan asesorarlo en los tr\u00e1mites de inscripci\u00f3n.<\/p>\n<p><strong>\u00a0<\/strong><\/p>\n<p><strong>\u00a0<\/strong><\/p>\n","protected":false},"excerpt":{"rendered":"<p>El municipio de Ovalle, a trav\u00e9s del departamento de Medio Ambiente, est\u00e1 impulsando esta iniciativa que permite que felinos y caninos sean inoculados para protegerlos de diversas enfermedades. La campa\u00f1a comenz\u00f3 este mes de mayo y continuar\u00e1 en el mes de junio.<\/p>\n","protected":false},"author":2,"featured_media":5135,"comment_status":"open","ping_status":"open","sticky":false,"template":"","format":"standard","meta":{"footnotes":""},"categories":[5],"tags":[],"class_list":["post-5134","post","type-post","status-publish","format-standard","has-post-thumbnail","hentry","category-actualidad-limarina"],"_links":{"self":[{"href":"https:\/\/www.radiolimari.cl\/index.php?rest_route=\/wp\/v2\/posts\/5134","targetHints":{"allow":["GET"]}}],"collection":[{"href":"https:\/\/www.radiolimari.cl\/index.php?rest_route=\/wp\/v2\/posts"}],"about":[{"href":"https:\/\/www.radiolimari.cl\/index.php?rest_route=\/wp\/v2\/types\/post"}],"author":[{"embeddable":true,"href":"https:\/\/www.radiolimari.cl\/index.php?rest_route=\/wp\/v2\/users\/2"}],"replies":[{"embeddable":true,"href":"https:\/\/www.radiolimari.cl\/index.php?rest_route=%2Fwp%2Fv2%2Fcomments&post=5134"}],"version-history":[{"count":1,"href":"https:\/\/www.radiolimari.cl\/index.php?rest_route=\/wp\/v2\/posts\/5134\/revisions"}],"predecessor-version":[{"id":5136,"href":"https:\/\/www.radiolimari.cl\/index.php?rest_route=\/wp\/v2\/posts\/5134\/revisions\/5136"}],"wp:featuredmedia":[{"embeddable":true,"href":"https:\/\/www.radiolimari.cl\/index.php?rest_route=\/wp\/v2\/media\/5135"}],"wp:attachment":[{"href":"https:\/\/www.radiolimari.cl\/index.php?rest_route=%2Fwp%2Fv2%2Fmedia&parent=5134"}],"wp:term":[{"taxonomy":"category","embeddable":true,"href":"https:\/\/www.radiolimari.cl\/index.php?rest_route=%2Fwp%2Fv2%2Fcategories&post=5134"},{"taxonomy":"post_tag","embeddable":true,"href":"https:\/\/www.radiolimari.cl\/index.php?rest_route=%2Fwp%2Fv2%2Ftags&post=5134"}],"curies":[{"name":"wp","href":"https:\/\/api.w.org\/{rel}","templated":true}]}}