{"id":5131,"date":"2021-05-31T19:54:45","date_gmt":"2021-05-31T19:54:45","guid":{"rendered":"http:\/\/www.radiolimari.cl\/?p=5131"},"modified":"2021-05-31T19:54:45","modified_gmt":"2021-05-31T19:54:45","slug":"tasa-de-desocupacion-confirma-tendencia-a-la-baja-y-marca-88-en-la-region-de-coquimbo","status":"publish","type":"post","link":"https:\/\/www.radiolimari.cl\/?p=5131","title":{"rendered":"Tasa de Desocupaci\u00f3n confirma tendencia a la baja y marca 8,8% en la Regi\u00f3n de Coquimbo"},"content":{"rendered":"<p><a href=\"https:\/\/www.radiolimari.cl\/wp-content\/uploads\/2021\/05\/31.5-Empleo.jpeg\"><img fetchpriority=\"high\" decoding=\"async\" class=\"alignnone size-medium wp-image-5132\" src=\"https:\/\/www.radiolimari.cl\/wp-content\/uploads\/2021\/05\/31.5-Empleo-300x182.jpeg\" alt=\"31.5 Empleo\" width=\"300\" height=\"182\" srcset=\"https:\/\/www.radiolimari.cl\/wp-content\/uploads\/2021\/05\/31.5-Empleo-300x182.jpeg 300w, https:\/\/www.radiolimari.cl\/wp-content\/uploads\/2021\/05\/31.5-Empleo.jpeg 1024w\" sizes=\"(max-width: 300px) 100vw, 300px\" \/><\/a><\/p>\n<p><strong><em>Autoridades destacaron la cobertura de los incentivos del gobierno para la creaci\u00f3n de empleos<\/em><\/strong><!--more--><\/p>\n<p>Un nuevo descenso registr\u00f3 la Tasa de Desocupaci\u00f3n regional marcando 8,8% en el trimestre febrero-abril 2021, anotando una disminuci\u00f3n de 1,8 puntos porcentuales en doce meses.<\/p>\n<p>Al respecto el intendente regional, Pablo Herman, coment\u00f3 que \u201cnuevamente tenemos noticias positivas en materia de empleo, una nueva reducci\u00f3n en el n\u00famero de desempleados, que este trimestre llegan a un 8,8%. Esto significa que 8660 personas encontraron trabajo durante el \u00faltimo per\u00edodo, respecto del a\u00f1o pasado, lo que nos da una importante se\u00f1al de que estamos trabajando en la direcci\u00f3n correcta para seguir recuperando nuestra econom\u00eda, y con ello, la calidad de vida de nuestras familias a trav\u00e9s de un trabajo p\u00fablico-privado que estamos fortaleciendo permanentemente\u201d.<\/p>\n<p>Seg\u00fan indic\u00f3 el Instituto Nacional de Estad\u00edsticas (INE), el n\u00famero de desocupados descendi\u00f3 un 21,5% (8.660 personas menos. Presentando un segundo descenso trimestral consecutivo.<\/p>\n<p>En este sentido el Seremi del Trabajo, Mat\u00edas Villalobos, explic\u00f3 que \u201ceste nuevo descenso viene a confirmar la tendencia a la baja de la Tasa de Desocupaci\u00f3n revirtiendo, en parte, las duras cifras que la pandemia ha dejado en materia de empleo. Somos conscientes que a\u00fan son n\u00fameros altos, pero continuamos trabajando para entregar m\u00e1s oportunidades de empleo a las familias que m\u00e1s lo necesitan. Desde el gobierno se ha hecho una fuerte inversi\u00f3n en obras p\u00fablicas que han generado m\u00e1s de 7 mil puestos de trabajo, que sin dudas ayudan a recuperar los empleos perdidos\u201d.<\/p>\n<p>La autoridad del trabajo adem\u00e1s, enfatiz\u00f3 en la cobertura de los incentivos implementados por el gobierno para la creaci\u00f3n de puestos de trabajos y dijo que \u201chemos hecho un llamado a los empleadores y trabajadores a continuar utilizando las herramientas que ha dispuesto el gobierno para recuperar los empleos y que han dado buenos resultados.\u00a0 A la fecha son m\u00e1s de 4 mil los trabajadores que han postulado al Subsidio al Nuevo Empleo, para quienes tiene un nuevo contrato de trabajo a partir del 1 de abril, y m\u00e1s de 19 mil puestos de trabajo que se han generado gracias al estimulo del subsidio al empleo bajo la l\u00ednea contrata y regresa\u201d.<\/p>\n<p>El descenso en la Tasa de Desocupaci\u00f3n permiti\u00f3 que la regi\u00f3n de Coquimbo se ubique bajo las regiones de Tarapac\u00e1, Antofagasta y Atacama, en la macrozona norte.<\/p>\n<p>Mientras que la disminuci\u00f3n en el \u00edndice regional ubic\u00f3 a la regi\u00f3n bajo la media nacional (10,2%).<\/p>\n<p>&nbsp;<\/p>\n","protected":false},"excerpt":{"rendered":"<p>Autoridades destacaron la cobertura de los incentivos del gobierno para la creaci\u00f3n de empleos<\/p>\n","protected":false},"author":2,"featured_media":5132,"comment_status":"open","ping_status":"open","sticky":false,"template":"","format":"standard","meta":{"footnotes":""},"categories":[3],"tags":[],"class_list":["post-5131","post","type-post","status-publish","format-standard","has-post-thumbnail","hentry","category-actualidad"],"_links":{"self":[{"href":"https:\/\/www.radiolimari.cl\/index.php?rest_route=\/wp\/v2\/posts\/5131","targetHints":{"allow":["GET"]}}],"collection":[{"href":"https:\/\/www.radiolimari.cl\/index.php?rest_route=\/wp\/v2\/posts"}],"about":[{"href":"https:\/\/www.radiolimari.cl\/index.php?rest_route=\/wp\/v2\/types\/post"}],"author":[{"embeddable":true,"href":"https:\/\/www.radiolimari.cl\/index.php?rest_route=\/wp\/v2\/users\/2"}],"replies":[{"embeddable":true,"href":"https:\/\/www.radiolimari.cl\/index.php?rest_route=%2Fwp%2Fv2%2Fcomments&post=5131"}],"version-history":[{"count":1,"href":"https:\/\/www.radiolimari.cl\/index.php?rest_route=\/wp\/v2\/posts\/5131\/revisions"}],"predecessor-version":[{"id":5133,"href":"https:\/\/www.radiolimari.cl\/index.php?rest_route=\/wp\/v2\/posts\/5131\/revisions\/5133"}],"wp:featuredmedia":[{"embeddable":true,"href":"https:\/\/www.radiolimari.cl\/index.php?rest_route=\/wp\/v2\/media\/5132"}],"wp:attachment":[{"href":"https:\/\/www.radiolimari.cl\/index.php?rest_route=%2Fwp%2Fv2%2Fmedia&parent=5131"}],"wp:term":[{"taxonomy":"category","embeddable":true,"href":"https:\/\/www.radiolimari.cl\/index.php?rest_route=%2Fwp%2Fv2%2Fcategories&post=5131"},{"taxonomy":"post_tag","embeddable":true,"href":"https:\/\/www.radiolimari.cl\/index.php?rest_route=%2Fwp%2Fv2%2Ftags&post=5131"}],"curies":[{"name":"wp","href":"https:\/\/api.w.org\/{rel}","templated":true}]}}