{"id":5128,"date":"2021-05-31T16:13:54","date_gmt":"2021-05-31T16:13:54","guid":{"rendered":"http:\/\/www.radiolimari.cl\/?p=5128"},"modified":"2021-05-31T16:13:54","modified_gmt":"2021-05-31T16:13:54","slug":"en-monte-patria-fiscalizacion-en-predios-agricolas-arroja-alto-numero-de-extranjeros-que-ingresaron-ilegalmente-al-pais","status":"publish","type":"post","link":"https:\/\/www.radiolimari.cl\/?p=5128","title":{"rendered":"En Monte Patria Fiscalizaci\u00f3n en predios agr\u00edcolas arroja alto n\u00famero de extranjeros que ingresaron ilegalmente al pa\u00eds"},"content":{"rendered":"<p><a href=\"https:\/\/www.radiolimari.cl\/wp-content\/uploads\/2021\/05\/31.5-FISC-2.jpeg\"><img fetchpriority=\"high\" decoding=\"async\" class=\"alignnone size-medium wp-image-5129\" src=\"https:\/\/www.radiolimari.cl\/wp-content\/uploads\/2021\/05\/31.5-FISC-2-300x225.jpeg\" alt=\"31.5 FISC (2)\" width=\"300\" height=\"225\" srcset=\"https:\/\/www.radiolimari.cl\/wp-content\/uploads\/2021\/05\/31.5-FISC-2-300x225.jpeg 300w, https:\/\/www.radiolimari.cl\/wp-content\/uploads\/2021\/05\/31.5-FISC-2.jpeg 1024w\" sizes=\"(max-width: 300px) 100vw, 300px\" \/><\/a><\/p>\n<p><strong><em>Extranjeros\u00a0 no cumpl\u00edan con la normativa vigente en materia de extranjer\u00eda trabajando de manera ilegal. <\/em><\/strong><!--more--><\/p>\n<p>Una intensa fiscalizaci\u00f3n en predios de Monte Patria se realiz\u00f3 por parte de la Gobernaci\u00f3n de Limar\u00ed, PDI, Direcci\u00f3n del Trabajo y SEREMI de Salud. Todo ello a fin de constatar el cumplimiento de la normativa en materia de extranjer\u00eda y migraciones, ley laboral y medidas preventivas de coronavirus en los espacios de trabajo.<\/p>\n<p>En total fueron fiscalizados dos fundos con trabajadores agr\u00edcolas, en los cuales se corroboraron los documentos de cerca de 100 extranjeros, arrojando un total de 41 de ellos con ingreso clandestino al pa\u00eds e incumpliendo la normativa, quienes fueron notificados quedando a la espera de la resoluci\u00f3n de la autoridad.<\/p>\n<p>\u201cPara nuestro Gobierno es muy importante que los trabajadores que llegan al pa\u00eds cumplan con la normativa vigente en materia laboral, especialmente para que puedan ejercer sus derechos, pero tambi\u00e9n cumplan con su deber que es estar en una situaci\u00f3n regular para mantener un proceso migratorio ordenado en nuestro pa\u00eds y especialmente en nuestra provincia. Valoramos el trabajo realizado por las instituciones que participaron en este operativo por su grado de coordinaci\u00f3n y profesionalismo\u201d, se\u00f1al\u00f3 el Gobernador de Limar\u00ed, Iv\u00e1n Espinoza.<\/p>\n<p>Por su parte el prefecto de la PDI de Ovalle Javier Rodr\u00edguez indic\u00f3 \u201ceste operativo obedece a una planificaci\u00f3n que tenemos en la Polic\u00eda de Investigaciones a trav\u00e9s de la secci\u00f3n de extranjer\u00eda que consiste en levantar informaci\u00f3n a los extranjeros que se encuentran ilegales y trabajando en los predios agr\u00edcolas. Se hizo este operativo coordinado para en conjunto concurrir a los predios y ha dado resultados positivos ya que hemos encontrado un gran n\u00famero de trabajadores incumpliendo la ley\u201d.<\/p>\n","protected":false},"excerpt":{"rendered":"<p>Extranjeros\u00a0 no cumpl\u00edan con la normativa vigente en materia de extranjer\u00eda trabajando de manera ilegal.<\/p>\n","protected":false},"author":2,"featured_media":5129,"comment_status":"open","ping_status":"open","sticky":false,"template":"","format":"standard","meta":{"footnotes":""},"categories":[3],"tags":[],"class_list":["post-5128","post","type-post","status-publish","format-standard","has-post-thumbnail","hentry","category-actualidad"],"_links":{"self":[{"href":"https:\/\/www.radiolimari.cl\/index.php?rest_route=\/wp\/v2\/posts\/5128","targetHints":{"allow":["GET"]}}],"collection":[{"href":"https:\/\/www.radiolimari.cl\/index.php?rest_route=\/wp\/v2\/posts"}],"about":[{"href":"https:\/\/www.radiolimari.cl\/index.php?rest_route=\/wp\/v2\/types\/post"}],"author":[{"embeddable":true,"href":"https:\/\/www.radiolimari.cl\/index.php?rest_route=\/wp\/v2\/users\/2"}],"replies":[{"embeddable":true,"href":"https:\/\/www.radiolimari.cl\/index.php?rest_route=%2Fwp%2Fv2%2Fcomments&post=5128"}],"version-history":[{"count":1,"href":"https:\/\/www.radiolimari.cl\/index.php?rest_route=\/wp\/v2\/posts\/5128\/revisions"}],"predecessor-version":[{"id":5130,"href":"https:\/\/www.radiolimari.cl\/index.php?rest_route=\/wp\/v2\/posts\/5128\/revisions\/5130"}],"wp:featuredmedia":[{"embeddable":true,"href":"https:\/\/www.radiolimari.cl\/index.php?rest_route=\/wp\/v2\/media\/5129"}],"wp:attachment":[{"href":"https:\/\/www.radiolimari.cl\/index.php?rest_route=%2Fwp%2Fv2%2Fmedia&parent=5128"}],"wp:term":[{"taxonomy":"category","embeddable":true,"href":"https:\/\/www.radiolimari.cl\/index.php?rest_route=%2Fwp%2Fv2%2Fcategories&post=5128"},{"taxonomy":"post_tag","embeddable":true,"href":"https:\/\/www.radiolimari.cl\/index.php?rest_route=%2Fwp%2Fv2%2Ftags&post=5128"}],"curies":[{"name":"wp","href":"https:\/\/api.w.org\/{rel}","templated":true}]}}