{"id":5112,"date":"2021-05-26T21:14:38","date_gmt":"2021-05-26T21:14:38","guid":{"rendered":"http:\/\/www.radiolimari.cl\/?p=5112"},"modified":"2021-05-26T21:14:38","modified_gmt":"2021-05-26T21:14:38","slug":"primera-dama-y-ministerio-de-economia-anuncian-fondo-para-ferias-libres-de-sercotec-permitira-mejoras-en-ventas-digitales-y-medidas-de-proteccion-de-covid-19","status":"publish","type":"post","link":"https:\/\/www.radiolimari.cl\/?p=5112","title":{"rendered":"Primera Dama y ministerio de Econom\u00eda anuncian fondo para ferias libres de Sercotec: Permitir\u00e1 mejoras en ventas digitales y medidas de protecci\u00f3n de Covid 19"},"content":{"rendered":"<p><a href=\"https:\/\/www.radiolimari.cl\/wp-content\/uploads\/2021\/05\/26.5-primera.jpeg\"><img fetchpriority=\"high\" decoding=\"async\" class=\"alignnone size-medium wp-image-5113\" src=\"https:\/\/www.radiolimari.cl\/wp-content\/uploads\/2021\/05\/26.5-primera-300x192.jpeg\" alt=\"26.5 primera\" width=\"300\" height=\"192\" srcset=\"https:\/\/www.radiolimari.cl\/wp-content\/uploads\/2021\/05\/26.5-primera-300x192.jpeg 300w, https:\/\/www.radiolimari.cl\/wp-content\/uploads\/2021\/05\/26.5-primera-1024x658.jpeg 1024w, https:\/\/www.radiolimari.cl\/wp-content\/uploads\/2021\/05\/26.5-primera.jpeg 1280w\" sizes=\"(max-width: 300px) 100vw, 300px\" \/><\/a><\/p>\n<p>Este subsidio permitir\u00e1 a los comerciantes, quienes son la primera l\u00ednea de abastecimiento de millones de chilenos, realizar mejoras en sus puestos e implementar m\u00e1s medidas de protecci\u00f3n y seguridad ante el Covid 19, entre otras medidas.<!--more--><\/p>\n<p>La primera dama, Cecilia Morel, junto al ministro de Econom\u00eda, Lucas Palacios y el director nacional de Sercotec, Bruno Trisotti, anunciaron la apertura de una nueva convocatoria del Fondo de Ferias Libres para todo el pa\u00eds. Este subsidio permitir\u00e1 a los comerciantes, quienes son la primera l\u00ednea de abastecimiento de millones de chilenos, realizar mejoras en sus puestos e implementar m\u00e1s medidas de protecci\u00f3n y seguridad ante el Covid 19, entre otras medidas.<\/p>\n<p>La iniciativa busca en concreto apoyar la implementaci\u00f3n de mejoras, acciones y alianzas estrat\u00e9gicas que sean beneficiosas para los comerciantes de las ferias libres, permiti\u00e9ndoles financiar, por ejemplo, distintos canales de comercializaci\u00f3n virtual con sus clientes, generar marketing digital o potenciar inversiones de infraestructura y equipamiento para la agrupaci\u00f3n que se adjudique este beneficio.<\/p>\n<p>En la oportunidad, la primera dama y quien lidera el programa \u201cAdulto Mejor\u201d, Cecilia Morel, se\u00f1al\u00f3: \u201cLas ferias libres son parte del patrimonio cultural de nuestro pa\u00eds. En ellas trabajan miles de chilenos y chilenas de esfuerzo de las cuales m\u00e1s del 30% de ellos son adultos mayores y quienes nos abastecen d\u00eda a d\u00eda de los alimentos de primera necesidad. Como Gobierno estamos comprometidos en apoyar a nuestros feriantes, sobre todo en estos momentos, en que han sufrido las consecuencias del Covid-19\u201d.<\/p>\n<p>Cabe destacar que este a\u00f1o el presupuesto de este subsidio es de cerca de 2 mil millones de pesos y se espera beneficiar a m\u00e1s de 110 Ferias Libres del pa\u00eds, lo que equivale aproximadamente a 9.000 comerciantes.<\/p>\n<p>Mientras que el Ministro de Econom\u00eda, Lucas Palacios, agreg\u00f3 que \u201clas ferias libres son parte del ADN de nuestra sociedad y son un elemento clave para el abastecimiento de las familias a lo largo de todo Chile. Como todo comercio, las ferias libres han debido adaptarse a los desaf\u00edos que la pandemia nos ha impuesto, donde las compras presenciales se han frenado, pasado a un segundo plano y donde la digitalizaci\u00f3n ha tenido un rol protag\u00f3nico. Este subsidio de Sercotec permitir\u00e1 reducir\u00e1 la brecha digital de peque\u00f1os y medianos comercios, permiti\u00e9ndoles ser m\u00e1s competitivos y d\u00e1ndoles herramientas para moverse en este nuevo escenario econ\u00f3mico\u201d.<\/p>\n<p>Por su parte, el Director Nacional de Sercotec, Bruno Trisotti, indic\u00f3 \u201cLas ferias libres abastecen de frutas y verduras a familias de todo Chile, adem\u00e1s son la principal v\u00eda de comercializaci\u00f3n de los peque\u00f1os agricultores para acceder al consumidor final. Desde que creamos este programa en el 2009, hemos beneficiado a m\u00e1s de 87 mil ferias libres de todo el pa\u00eds con m\u00e1s de $16.000.000.000 millones de pesos y queremos seguir apoy\u00e1ndolos, para puedan realizar mejoras en sus ferias, generen nuevos canales de comercializaci\u00f3n e implementar medidas de cuidado ante el Covid-19, tanto para ellos como sus clientes\u201d.<\/p>\n<p><strong>Las postulaciones al Fondo de Ferias Libres de Sercotec estar\u00e1n abiertas hasta el 14 de junio a las 15:00 horas en <a href=\"http:\/\/www.sercotec.cl\">www.sercotec.cl<\/a><\/strong><\/p>\n<p>El programa Ferias Libres est\u00e1 dirigido a todas las ferias que est\u00e9n representadas a trav\u00e9s de organizaciones legalmente constituidas (con personalidad jur\u00eddica) como asociaciones empresariales, asociaciones gremiales, sindicatos de trabajadores independientes, organizaciones funcionales u otro tipo de organizaciones habilitadas jur\u00eddicamente, existentes al interior de la Feria, y que cuenten y participen con un m\u00ednimo de 5 puestos.<\/p>\n<p>El financiamiento m\u00ednimo a solicitar por la feria en calidad de subsidio es de $5.000.000.- con un m\u00e1ximo de $30.000.000. La feria debe considerar un aporte en efectivo correspondiente a un 2% en relaci\u00f3n al subsidio total solicitado a Sercotec, el cual debe ser entregado en efectivo, transferencia electr\u00f3nica o dep\u00f3sito bancario, previo a la formalizaci\u00f3n al Agente Operador, quien ejecuta los recursos.<\/p>\n<p>&nbsp;<\/p>\n<p><strong>\u00bfC\u00f3mo se postula?<\/strong><\/p>\n<ol>\n<li>Descargar y leer las bases de convocatoria correspondiente a su regi\u00f3n, disponibles en el sitio web de Sercotecwww.sercotec.cl<\/li>\n<li>Registro del representante de la organizaci\u00f3n postulante en el sitio de Sercotec.<\/li>\n<li>Descargar anexos disponibles en el sitio web de Sercotec.<\/li>\n<li>Completar y enviar la ficha de postulaci\u00f3n con los documentos adjuntos a trav\u00e9s del sitio web de Sercotec, cumpliendo con las condiciones y restricciones de financiamiento descritas en estas bases y anexos de convocatoria.<\/li>\n<\/ol>\n<p>&nbsp;<\/p>\n<p>&nbsp;<\/p>\n","protected":false},"excerpt":{"rendered":"<p>Este subsidio permitir\u00e1 a los comerciantes, quienes son la primera l\u00ednea de abastecimiento de millones de chilenos, realizar mejoras en sus puestos e implementar m\u00e1s medidas de protecci\u00f3n y seguridad ante el Covid 19, entre otras medidas.<\/p>\n","protected":false},"author":2,"featured_media":5113,"comment_status":"open","ping_status":"open","sticky":false,"template":"","format":"standard","meta":{"footnotes":""},"categories":[3],"tags":[],"class_list":["post-5112","post","type-post","status-publish","format-standard","has-post-thumbnail","hentry","category-actualidad"],"_links":{"self":[{"href":"https:\/\/www.radiolimari.cl\/index.php?rest_route=\/wp\/v2\/posts\/5112","targetHints":{"allow":["GET"]}}],"collection":[{"href":"https:\/\/www.radiolimari.cl\/index.php?rest_route=\/wp\/v2\/posts"}],"about":[{"href":"https:\/\/www.radiolimari.cl\/index.php?rest_route=\/wp\/v2\/types\/post"}],"author":[{"embeddable":true,"href":"https:\/\/www.radiolimari.cl\/index.php?rest_route=\/wp\/v2\/users\/2"}],"replies":[{"embeddable":true,"href":"https:\/\/www.radiolimari.cl\/index.php?rest_route=%2Fwp%2Fv2%2Fcomments&post=5112"}],"version-history":[{"count":1,"href":"https:\/\/www.radiolimari.cl\/index.php?rest_route=\/wp\/v2\/posts\/5112\/revisions"}],"predecessor-version":[{"id":5114,"href":"https:\/\/www.radiolimari.cl\/index.php?rest_route=\/wp\/v2\/posts\/5112\/revisions\/5114"}],"wp:featuredmedia":[{"embeddable":true,"href":"https:\/\/www.radiolimari.cl\/index.php?rest_route=\/wp\/v2\/media\/5113"}],"wp:attachment":[{"href":"https:\/\/www.radiolimari.cl\/index.php?rest_route=%2Fwp%2Fv2%2Fmedia&parent=5112"}],"wp:term":[{"taxonomy":"category","embeddable":true,"href":"https:\/\/www.radiolimari.cl\/index.php?rest_route=%2Fwp%2Fv2%2Fcategories&post=5112"},{"taxonomy":"post_tag","embeddable":true,"href":"https:\/\/www.radiolimari.cl\/index.php?rest_route=%2Fwp%2Fv2%2Ftags&post=5112"}],"curies":[{"name":"wp","href":"https:\/\/api.w.org\/{rel}","templated":true}]}}