{"id":5108,"date":"2021-05-26T19:21:17","date_gmt":"2021-05-26T19:21:17","guid":{"rendered":"http:\/\/www.radiolimari.cl\/?p=5108"},"modified":"2021-05-26T19:22:15","modified_gmt":"2021-05-26T19:22:15","slug":"cuadrillas-sanitarias-han-atendido-las-consultas-de-191-mil-personas-en-la-region","status":"publish","type":"post","link":"https:\/\/www.radiolimari.cl\/?p=5108","title":{"rendered":"Cuadrillas Sanitarias han atendido las consultas de 191 mil personas en la regi\u00f3n"},"content":{"rendered":"<p><a href=\"https:\/\/www.radiolimari.cl\/wp-content\/uploads\/2021\/05\/26.5-cuadrillas-sanitarias.jpg\"><img fetchpriority=\"high\" decoding=\"async\" class=\"alignnone size-medium wp-image-5109\" src=\"https:\/\/www.radiolimari.cl\/wp-content\/uploads\/2021\/05\/26.5-cuadrillas-sanitarias-300x224.jpg\" alt=\"26.5 cuadrillas sanitarias\" width=\"300\" height=\"224\" srcset=\"https:\/\/www.radiolimari.cl\/wp-content\/uploads\/2021\/05\/26.5-cuadrillas-sanitarias-300x224.jpg 300w, https:\/\/www.radiolimari.cl\/wp-content\/uploads\/2021\/05\/26.5-cuadrillas-sanitarias-1024x766.jpg 1024w, https:\/\/www.radiolimari.cl\/wp-content\/uploads\/2021\/05\/26.5-cuadrillas-sanitarias.jpg 1280w\" sizes=\"(max-width: 300px) 100vw, 300px\" \/><\/a><\/p>\n<p><em><b>Por otra parte, se anunciaron 132 casos nuevos de Coronavirus en la regi\u00f3n de coquimbo hoy mi\u00e9rcoles\u00a026 de mayo.<\/b><\/em><!--more--><\/p>\n<p>Autoridades regionales entregaron un nuevo balance sanitario en relaci\u00f3n a la situaci\u00f3n local del Coronavirus, destacando la importante labor preventiva ante Covid_19 que realizan las Cuadrillas Sanitarias a nivel regional.<\/p>\n<p>\u201cHoy me gustar\u00eda destacar la importante labor que desarrollan las Cuadrillas Sanitarias en la regi\u00f3n de Coquimbo. Hasta la fecha han realizado 191.796 intervenciones a personas en cada una de las comunas de la zona, lo que representa un 25% de la poblaci\u00f3n total regional\u201d, se\u00f1al\u00f3 el Seremi de Salud, Alejandro Garc\u00eda.<\/p>\n<p>En esa misma l\u00ednea, la autoridad sanitaria agreg\u00f3 que \u201cel trabajo que desarrollan nuestras cuadrillas es esencial en la prevenci\u00f3n y educaci\u00f3n sanitaria ante el Covid_19, pero no s\u00f3lo eso, sino que tambi\u00e9n han apoyado los procesos eleccionarios y de vacunaci\u00f3n en una labor que es fundamental para ayudar en el combate de la pandemia\u201d.<\/p>\n<p><strong>Balance Sanitario<\/strong><\/p>\n<p>El informe para este mi\u00e9rcoles 26 de mayo se\u00f1ala \u201c132 casos nuevos de Coronavirus, 36 de La Serena, 45 de Coquimbo, 1 de Paihuano, 2 de Vicu\u00f1a, 1 de Illapel, 4 de Canela, 4 de Los Vilos, 13 de Salamanca, 16 de Ovalle, 3 Monte Patria, 3 de otra regi\u00f3n y 4 sin notificar. Con esto, se contabilizan 36.543 casos acumulados, con 1.335 contagios activos\u201d, finaliz\u00f3 el Seremi Garc\u00eda.<\/p>\n<p>Por su parte, la subdirectora de Gesti\u00f3n Asistencial del Servicio de Salud Coquimbo, Alejandra \u00c1lvarez, inform\u00f3 que, de los 731 adultos internados en los recintos asistenciales de la regi\u00f3n, 204 han sido hospitalizadas por Covid-19. \u201cEn relaci\u00f3n a estos pacientes, 89 han presentado complicaciones en su estado de salud y permanecen internados en las Unidades de Cuidados Intensivos (UCI) de nuestros hospitales y la Cl\u00ednica Red Salud Elqui, y 70 se encuentran graves y con apoyo de un ventilador mec\u00e1nico, detall\u00f3.<\/p>\n<p>Sobre el n\u00famero de camas disponibles, la autoridad se\u00f1al\u00f3 que \u201choy nuestra Red Asistencial dispone de 121 camas para paciente adulto, y de este n\u00famero, 13 pertenecen a la Unidad de Paciente Cr\u00edtico, siendo 8 de la Unidad de Cuidados Intensivos, UCI, donde se encuentran los pacientes en condici\u00f3n de mayor gravedad, y 5 de la Unidad de Tratamiento Intermedio, UTI\u201d.<\/p>\n<p>En relaci\u00f3n al estado de salud de los funcionarios de la Red Asistencial, se inform\u00f3 que actualmente 45 personas cursan la enfermedad, siendo 26 trabajadores de los hospitales y 19 de la Atenci\u00f3n Primaria de Salud.<strong>\u00a0<\/strong><\/p>\n<p><strong>BALANCE REGI\u00d3N DE COQUIMBO<\/strong><\/p>\n<p>Mi\u00e9rcoles 26 de mayo del 2021<\/p>\n<p>132 casos nuevos<\/p>\n<p>36.543 casos acumulados<\/p>\n<p>1.335 casos activos<\/p>\n<p>676 fallecidos<\/p>\n<p>204 pacientes hospitalizados, 70 en ventilaci\u00f3n mec\u00e1nica<\/p>\n<p>Residencias Sanitarias:<\/p>\n<p>81% de ocupaci\u00f3n<\/p>\n<p>Detalle Casos Nuevos:<\/p>\n<ul>\n<li>36 de La Serena<\/li>\n<li>45 de Coquimbo<\/li>\n<li>1 de Paihuano<\/li>\n<li>2 de Vicu\u00f1a<\/li>\n<li>1 de Illapel<\/li>\n<li>4 de Canela<\/li>\n<li>4 de Los Vilos<\/li>\n<li>13 de Salamanca<\/li>\n<li>16 de Ovalle<\/li>\n<li>3 de Monte Patria<\/li>\n<li>3 de otra regi\u00f3n<\/li>\n<li>4 sin notificaci\u00f3n<\/li>\n<\/ul>\n","protected":false},"excerpt":{"rendered":"<p>Por otra parte, se anunciaron 132 casos nuevos de Coronavirus en la regi\u00f3n de coquimbo hoy mi\u00e9rcoles\u00a026 de mayo.<\/p>\n","protected":false},"author":2,"featured_media":5109,"comment_status":"open","ping_status":"open","sticky":false,"template":"","format":"standard","meta":{"footnotes":""},"categories":[3],"tags":[],"class_list":["post-5108","post","type-post","status-publish","format-standard","has-post-thumbnail","hentry","category-actualidad"],"_links":{"self":[{"href":"https:\/\/www.radiolimari.cl\/index.php?rest_route=\/wp\/v2\/posts\/5108","targetHints":{"allow":["GET"]}}],"collection":[{"href":"https:\/\/www.radiolimari.cl\/index.php?rest_route=\/wp\/v2\/posts"}],"about":[{"href":"https:\/\/www.radiolimari.cl\/index.php?rest_route=\/wp\/v2\/types\/post"}],"author":[{"embeddable":true,"href":"https:\/\/www.radiolimari.cl\/index.php?rest_route=\/wp\/v2\/users\/2"}],"replies":[{"embeddable":true,"href":"https:\/\/www.radiolimari.cl\/index.php?rest_route=%2Fwp%2Fv2%2Fcomments&post=5108"}],"version-history":[{"count":2,"href":"https:\/\/www.radiolimari.cl\/index.php?rest_route=\/wp\/v2\/posts\/5108\/revisions"}],"predecessor-version":[{"id":5111,"href":"https:\/\/www.radiolimari.cl\/index.php?rest_route=\/wp\/v2\/posts\/5108\/revisions\/5111"}],"wp:featuredmedia":[{"embeddable":true,"href":"https:\/\/www.radiolimari.cl\/index.php?rest_route=\/wp\/v2\/media\/5109"}],"wp:attachment":[{"href":"https:\/\/www.radiolimari.cl\/index.php?rest_route=%2Fwp%2Fv2%2Fmedia&parent=5108"}],"wp:term":[{"taxonomy":"category","embeddable":true,"href":"https:\/\/www.radiolimari.cl\/index.php?rest_route=%2Fwp%2Fv2%2Fcategories&post=5108"},{"taxonomy":"post_tag","embeddable":true,"href":"https:\/\/www.radiolimari.cl\/index.php?rest_route=%2Fwp%2Fv2%2Ftags&post=5108"}],"curies":[{"name":"wp","href":"https:\/\/api.w.org\/{rel}","templated":true}]}}