{"id":5105,"date":"2021-05-26T19:14:19","date_gmt":"2021-05-26T19:14:19","guid":{"rendered":"http:\/\/www.radiolimari.cl\/?p=5105"},"modified":"2021-05-26T19:14:19","modified_gmt":"2021-05-26T19:14:19","slug":"mas-de-57-mil-personas-se-han-vacunado-con-la-primera-dosis-en-ovalle","status":"publish","type":"post","link":"https:\/\/www.radiolimari.cl\/?p=5105","title":{"rendered":"M\u00e1s de 57 mil personas se han vacunado con la primera dosis en Ovalle"},"content":{"rendered":"<p><a href=\"https:\/\/www.radiolimari.cl\/wp-content\/uploads\/2021\/05\/26.5-Proceso-de-vacunaci\u00f3n-Covid-19-en-Ovalle.png\"><img fetchpriority=\"high\" decoding=\"async\" class=\"alignnone size-medium wp-image-5106\" src=\"https:\/\/www.radiolimari.cl\/wp-content\/uploads\/2021\/05\/26.5-Proceso-de-vacunaci\u00f3n-Covid-19-en-Ovalle-300x168.png\" alt=\"26.5 Proceso de vacunaci\u00f3n Covid-19 en Ovalle\" width=\"300\" height=\"168\" srcset=\"https:\/\/www.radiolimari.cl\/wp-content\/uploads\/2021\/05\/26.5-Proceso-de-vacunaci\u00f3n-Covid-19-en-Ovalle-300x168.png 300w, https:\/\/www.radiolimari.cl\/wp-content\/uploads\/2021\/05\/26.5-Proceso-de-vacunaci\u00f3n-Covid-19-en-Ovalle-1024x576.png 1024w, https:\/\/www.radiolimari.cl\/wp-content\/uploads\/2021\/05\/26.5-Proceso-de-vacunaci\u00f3n-Covid-19-en-Ovalle.png 1920w\" sizes=\"(max-width: 300px) 100vw, 300px\" \/><\/a><\/p>\n<p><strong><em>En tanto, m\u00e1s de 43 mil ovallinos y ovallinas ya cerraron su ciclo de protecci\u00f3n contra el Covid-19. El llamado que hacen las autoridades es a asistir al Estadio Municipal Diaguita y solicitar la inoculaci\u00f3n, puesto que una parte importante de la poblaci\u00f3n de la capital limarina no se ha vacunado. <\/em><\/strong><!--more--><\/p>\n<p>En la lucha contra el Covid-19, la vacuna es esencial frente a la protecci\u00f3n de la poblaci\u00f3n nacional. En el caso de Ovalle, se han inoculado con la primera dosis 57.844 personas que equivale al 63% de la poblaci\u00f3n objetivo de la campa\u00f1a y 43.825 han cerrado su ciclo de protecci\u00f3n, lo que significa el 48% de quienes deben vacunarse. Si bien, son n\u00fameros positivos para la comuna y que refleja que la comunidad ha acogido el llamado de las autoridades, a\u00fan existe gran cantidad de ovallinos y ovallinas que no han asistido al centro de vacunaci\u00f3n. En lo que respecta, a la primera dosis a\u00fan faltan 34.339 personas y en la segunda dosis a\u00fan no han recibido su vacunaci\u00f3n 48.358 personas. En ambas situaciones est\u00e1n incluidas las personas que a\u00fan nos les corresponde por calendario, pero tambi\u00e9n hay una alta cantidad de \u201crezagados\u201d.<\/p>\n<p>En este sentido, la jefa del departamento de Salud del municipio de Ovalle, Angela Neira indic\u00f3 que \u201ces muy importante que las personas que les corresponde por calendario su vacunaci\u00f3n asistan y se protejan frente a la pandemia. Y si son parte de la \u201cpoblaci\u00f3n rezagada\u201d, pueden asistir al Estadio Municipal Diaguita sin problemas durante los d\u00edas posteriores\u201d. Al respecto, el alcalde de Ovalle, Claudio Renter\u00eda sostuvo que \u201chemos tenido una muy buena respuesta por parte de los ovallinos y ovallinas, quienes han asistido a vacunarse. El llamado es que las personas se inoculen y contribuyamos en la lucha contra la pandemia, porque vacun\u00e1ndonos y siguiendo las medidas preventivas evitaremos que aumenten los contagios y que retrocedamos de fase en el Plan Paso a Paso\u201d.<\/p>\n<p>El municipio de Ovalle habilit\u00f3 el recinto deportivo de Avenida La Chimba como \u00fanico centro de vacunaci\u00f3n contra el Covid-19, debido a que cuenta con amplias dependencias que permiten mantener un distanciamiento social optimo y adem\u00e1s, porque cuenta con espacios ventilados para la protecci\u00f3n de quienes recibir\u00e1n este beneficio. Los horarios de atenci\u00f3n son de lunes a jueves de 9.00 a 16.00 horas y los viernes de 9.00 a 15.00 horas.<\/p>\n<p>Recordemos, que quienes asisten a vacunarse ingresan con un n\u00famero de atenci\u00f3n, luego pasan al vacunatorio, donde las profesionales de la salud entregan algunas indicaciones, posteriormente le suministran la vacuna, se les entrega un carnet y los usuarios deben permanecer 30 minutos en el lugar, para ser monitoreados por si existe alg\u00fan tipo de efecto adverso.<\/p>\n<p>&nbsp;<\/p>\n","protected":false},"excerpt":{"rendered":"<p>En tanto, m\u00e1s de 43 mil ovallinos y ovallinas ya cerraron su ciclo de protecci\u00f3n contra el Covid-19. El llamado que hacen las autoridades es a asistir al Estadio Municipal Diaguita y solicitar la inoculaci\u00f3n, puesto que una parte importante de la poblaci\u00f3n de la capital limarina no se ha vacunado.<\/p>\n","protected":false},"author":2,"featured_media":5106,"comment_status":"open","ping_status":"open","sticky":false,"template":"","format":"standard","meta":{"footnotes":""},"categories":[5],"tags":[],"class_list":["post-5105","post","type-post","status-publish","format-standard","has-post-thumbnail","hentry","category-actualidad-limarina"],"_links":{"self":[{"href":"https:\/\/www.radiolimari.cl\/index.php?rest_route=\/wp\/v2\/posts\/5105","targetHints":{"allow":["GET"]}}],"collection":[{"href":"https:\/\/www.radiolimari.cl\/index.php?rest_route=\/wp\/v2\/posts"}],"about":[{"href":"https:\/\/www.radiolimari.cl\/index.php?rest_route=\/wp\/v2\/types\/post"}],"author":[{"embeddable":true,"href":"https:\/\/www.radiolimari.cl\/index.php?rest_route=\/wp\/v2\/users\/2"}],"replies":[{"embeddable":true,"href":"https:\/\/www.radiolimari.cl\/index.php?rest_route=%2Fwp%2Fv2%2Fcomments&post=5105"}],"version-history":[{"count":1,"href":"https:\/\/www.radiolimari.cl\/index.php?rest_route=\/wp\/v2\/posts\/5105\/revisions"}],"predecessor-version":[{"id":5107,"href":"https:\/\/www.radiolimari.cl\/index.php?rest_route=\/wp\/v2\/posts\/5105\/revisions\/5107"}],"wp:featuredmedia":[{"embeddable":true,"href":"https:\/\/www.radiolimari.cl\/index.php?rest_route=\/wp\/v2\/media\/5106"}],"wp:attachment":[{"href":"https:\/\/www.radiolimari.cl\/index.php?rest_route=%2Fwp%2Fv2%2Fmedia&parent=5105"}],"wp:term":[{"taxonomy":"category","embeddable":true,"href":"https:\/\/www.radiolimari.cl\/index.php?rest_route=%2Fwp%2Fv2%2Fcategories&post=5105"},{"taxonomy":"post_tag","embeddable":true,"href":"https:\/\/www.radiolimari.cl\/index.php?rest_route=%2Fwp%2Fv2%2Ftags&post=5105"}],"curies":[{"name":"wp","href":"https:\/\/api.w.org\/{rel}","templated":true}]}}