{"id":5101,"date":"2021-05-26T15:01:51","date_gmt":"2021-05-26T15:01:51","guid":{"rendered":"http:\/\/www.radiolimari.cl\/?p=5101"},"modified":"2021-05-26T15:02:17","modified_gmt":"2021-05-26T15:02:17","slug":"aguas-del-valle-renueva-infraestructura-e-informa-corte-programado-para-hoy-miercoles-en-sector-de-ovalle","status":"publish","type":"post","link":"https:\/\/www.radiolimari.cl\/?p=5101","title":{"rendered":"Aguas del Valle renueva infraestructura e informa corte programado para hoy Mi\u00e9rcoles en sector de Ovalle"},"content":{"rendered":"<p><a href=\"https:\/\/www.radiolimari.cl\/wp-content\/uploads\/2021\/05\/26.5-aguas-del-valle-Imagen-Referencial-Obras.jpg\"><img fetchpriority=\"high\" decoding=\"async\" class=\"alignnone size-medium wp-image-5102\" src=\"https:\/\/www.radiolimari.cl\/wp-content\/uploads\/2021\/05\/26.5-aguas-del-valle-Imagen-Referencial-Obras-300x225.jpg\" alt=\"26.5 aguas del valle Imagen Referencial Obras\" width=\"300\" height=\"225\" srcset=\"https:\/\/www.radiolimari.cl\/wp-content\/uploads\/2021\/05\/26.5-aguas-del-valle-Imagen-Referencial-Obras-300x225.jpg 300w, https:\/\/www.radiolimari.cl\/wp-content\/uploads\/2021\/05\/26.5-aguas-del-valle-Imagen-Referencial-Obras.jpg 742w\" sizes=\"(max-width: 300px) 100vw, 300px\" \/><\/a><\/p>\n<p>Habr\u00e1\u00a0 hoy Mi\u00e9rcoles suspensi\u00f3n del suministro\u00a0 de agua potable\u00a0 y se extender\u00e1 entre las 15:00 y las 19:00 horas\u00a0.<\/p>\n<p><!--more--><\/p>\n<p>Aguas del Valle inform\u00f3 que, con el objetivo de optimizar el servicio de distribuci\u00f3n de agua potable, se program\u00f3 un corte de suministro para hoy mi\u00e9rcoles 26 de mayo en un sector de la comuna de Ovalle.<\/p>\n<p>El subgerente zonal Limar\u00ed\u2013Choapa de la sanitaria, Alejandro Salazar, detall\u00f3 que \u201chemos programado este corte transitorio para renovar parte de nuestra infraestructura de agua potable, haremos varios cambios de v\u00e1lvulas en diversos puntos y una renovaci\u00f3n de matriz, lo que nos permitir\u00e1 estar mejor preparados ante eventos como cortes de emergencia por ejemplo\u201d.<\/p>\n<p>La interrupci\u00f3n se extender\u00e1 entre las entre las 15:00 y las 19:00 horas de hoy mi\u00e9rcoles 26 de mayo y considera a Villa Educaci\u00f3n, Poblaci\u00f3n Atenas, Loteo Alborada, Poblaci\u00f3n Jos\u00e9 Tom\u00e1s Ovalle y Villa El Ingenio.<\/p>\n<p>Cuadrante:<\/p>\n<ul>\n<li>Norte:\u00a0 Avenida Soldado S\u00e1nchez entre Tahu\u00e9n y Artillero Culipran.<\/li>\n<li>Sur: Calle Lord Cochrane &#8211; Soldado Vega &#8211; Grumete Videla.<\/li>\n<li>Este: Calle Talhu\u00e9n.<\/li>\n<li>Oeste: Calle Artillero Culipran.<\/li>\n<\/ul>\n<p>El ejecutivo record\u00f3 que ante cualquier emergencia o duda la comunidad puede contactarse al fono clientes 600 400 4444 o al twitter @aguasdelvalle.<\/p>\n<p>&nbsp;<\/p>\n<p>Imagen referencial de obras<\/p>\n","protected":false},"excerpt":{"rendered":"<p>Habr\u00e1\u00a0 hoy Mi\u00e9rcoles suspensi\u00f3n del suministro\u00a0 de agua potable\u00a0 y se extender\u00e1 entre las 15:00 y las 19:00 horas\u00a0.<\/p>\n","protected":false},"author":2,"featured_media":5102,"comment_status":"open","ping_status":"open","sticky":false,"template":"","format":"standard","meta":{"footnotes":""},"categories":[5],"tags":[],"class_list":["post-5101","post","type-post","status-publish","format-standard","has-post-thumbnail","hentry","category-actualidad-limarina"],"_links":{"self":[{"href":"https:\/\/www.radiolimari.cl\/index.php?rest_route=\/wp\/v2\/posts\/5101","targetHints":{"allow":["GET"]}}],"collection":[{"href":"https:\/\/www.radiolimari.cl\/index.php?rest_route=\/wp\/v2\/posts"}],"about":[{"href":"https:\/\/www.radiolimari.cl\/index.php?rest_route=\/wp\/v2\/types\/post"}],"author":[{"embeddable":true,"href":"https:\/\/www.radiolimari.cl\/index.php?rest_route=\/wp\/v2\/users\/2"}],"replies":[{"embeddable":true,"href":"https:\/\/www.radiolimari.cl\/index.php?rest_route=%2Fwp%2Fv2%2Fcomments&post=5101"}],"version-history":[{"count":2,"href":"https:\/\/www.radiolimari.cl\/index.php?rest_route=\/wp\/v2\/posts\/5101\/revisions"}],"predecessor-version":[{"id":5104,"href":"https:\/\/www.radiolimari.cl\/index.php?rest_route=\/wp\/v2\/posts\/5101\/revisions\/5104"}],"wp:featuredmedia":[{"embeddable":true,"href":"https:\/\/www.radiolimari.cl\/index.php?rest_route=\/wp\/v2\/media\/5102"}],"wp:attachment":[{"href":"https:\/\/www.radiolimari.cl\/index.php?rest_route=%2Fwp%2Fv2%2Fmedia&parent=5101"}],"wp:term":[{"taxonomy":"category","embeddable":true,"href":"https:\/\/www.radiolimari.cl\/index.php?rest_route=%2Fwp%2Fv2%2Fcategories&post=5101"},{"taxonomy":"post_tag","embeddable":true,"href":"https:\/\/www.radiolimari.cl\/index.php?rest_route=%2Fwp%2Fv2%2Ftags&post=5101"}],"curies":[{"name":"wp","href":"https:\/\/api.w.org\/{rel}","templated":true}]}}