{"id":5095,"date":"2021-05-25T21:38:20","date_gmt":"2021-05-25T21:38:20","guid":{"rendered":"http:\/\/www.radiolimari.cl\/?p=5095"},"modified":"2021-05-25T21:38:20","modified_gmt":"2021-05-25T21:38:20","slug":"direccion-de-transito-atendera-en-horario-especial-para-pago-de-permisos-de-circulacion","status":"publish","type":"post","link":"https:\/\/www.radiolimari.cl\/?p=5095","title":{"rendered":"Direcci\u00f3n de Tr\u00e1nsito atender\u00e1 en horario especial para pago de permisos de circulaci\u00f3n"},"content":{"rendered":"<p><a href=\"https:\/\/www.radiolimari.cl\/wp-content\/uploads\/2021\/05\/25.5-Direcci\u00f3n-de-Tr\u00e1nsito-Municipal.jpg\"><img fetchpriority=\"high\" decoding=\"async\" class=\"alignnone size-medium wp-image-5096\" src=\"https:\/\/www.radiolimari.cl\/wp-content\/uploads\/2021\/05\/25.5-Direcci\u00f3n-de-Tr\u00e1nsito-Municipal-300x200.jpg\" alt=\"25.5 Direcci\u00f3n de Tr\u00e1nsito Municipal\" width=\"300\" height=\"200\" srcset=\"https:\/\/www.radiolimari.cl\/wp-content\/uploads\/2021\/05\/25.5-Direcci\u00f3n-de-Tr\u00e1nsito-Municipal-300x200.jpg 300w, https:\/\/www.radiolimari.cl\/wp-content\/uploads\/2021\/05\/25.5-Direcci\u00f3n-de-Tr\u00e1nsito-Municipal-1024x682.jpg 1024w\" sizes=\"(max-width: 300px) 100vw, 300px\" \/><\/a><\/p>\n<p><strong><em>Debido a la alta demanda de propietarios que a\u00fan no han cancelado este documento obligatorio, la Direcci\u00f3n de Tr\u00e1nsito atender\u00e1 los d\u00edas mi\u00e9rcoles 26, jueves 27 y viernes 28 de mayo de 8:30 a 13:30 horas y de 15:30 a 17:30 horas.<\/em><\/strong><!--more--><\/p>\n<p>La Direcci\u00f3n de Tr\u00e1nsito Municipal atender\u00e1 en horario especial durante esta semana, debido a la alta de demanda de propietarios de veh\u00edculos que a\u00fan no han cancelado el Permiso de Circulaci\u00f3n, a lo que se suma la regularizaci\u00f3n de este documento, durante el mes de mayo, por parte de la locomoci\u00f3n colectiva.<\/p>\n<p>&nbsp;<\/p>\n<p>Es por esta raz\u00f3n, que los d\u00edas mi\u00e9rcoles 26, jueves 27 y viernes 28 de mayo, las dependencias municipales abrir\u00e1n sus puertas de 8:30 a 13:30 horas y de 15.30 a 17:30 horas, con el fin de evitar las aglomeraciones y cumplir con todas las medidas sanitarias, para prevenir contagios por Covid-19.<\/p>\n<p>&nbsp;<\/p>\n<p>De todas formas las personas tienen la posibilidad de realizar este tr\u00e1mite de v\u00eda online, a trav\u00e9s de la p\u00e1gina web <a href=\"http:\/\/www.municipalidaddeovalle.cl\">www.municipalidaddeovalle.cl<\/a>, en el banner Pagos Online y posteriormente en Permisos de Circulaci\u00f3n 2021, donde deber\u00e1n ingresar el rut del propietario y la patente del veh\u00edculo.<\/p>\n<p>&nbsp;<\/p>\n<p>Es importante recalcar que quienes no hayan cancelado en los plazos estipulados por ley deber\u00e1n pagar en una sola cuota y con las multas correspondientes. Quienes realicen este tr\u00e1mite de manera presencial tendr\u00e1n que presentar su Permiso de Circulaci\u00f3n anterior, el seguro renovado con vigencia 2022 y la Revisi\u00f3n T\u00e9cnica u homologaci\u00f3n vigente.<\/p>\n<p>&nbsp;<\/p>\n<p>\u201cHemos modificado la atenci\u00f3n de la Direcci\u00f3n de Tr\u00e1nsito Municipal, con el fin de facilitar el proceso de pagos de permisos de circulaci\u00f3n para nuestros usuarios. La idea es que respetemos las normas sanitarias, el uso de la mascarilla y el distanciamiento social y minimicemos el riesgo de contagiarnos por Covid-19 al momento de ser atendidos. Por eso es importante que quienes puedan realizar el tr\u00e1mite v\u00eda online, a trav\u00e9s de nuestra p\u00e1gina web, prioricen esta opci\u00f3n\u201d indic\u00f3 el alcalde de Ovalle, Claudio Renter\u00eda.<\/p>\n<p>&nbsp;<\/p>\n<p>Cabe destacar, que durante el mes de mayo les corresponde el pago del Permiso\u00a0 de Circulaci\u00f3n a la locomoci\u00f3n colectiva, quienes podr\u00e1n cancelar en dos cuotas, una antes del 31 de mayo y la segunda antes del 30 de junio y tambi\u00e9n mediante tarjetas de cr\u00e9dito Transbank.<\/p>\n<p>&nbsp;<\/p>\n<p>En el mes de septiembre concluye el Pago de Permisos de Circulaci\u00f3n con el proceso de los camiones y veh\u00edculos de carga, que podr\u00e1n cancelar en dos cuotas, una antes del 30 de septiembre y la segunda antes del 31 de octubre.<\/p>\n<p>&nbsp;<\/p>\n","protected":false},"excerpt":{"rendered":"<p>Debido a la alta demanda de propietarios que a\u00fan no han cancelado este documento obligatorio, la Direcci\u00f3n de Tr\u00e1nsito atender\u00e1 los d\u00edas mi\u00e9rcoles 26, jueves 27 y viernes 28 de mayo de 8:30 a 13:30 horas y de 15:30 a 17:30 horas.<\/p>\n","protected":false},"author":2,"featured_media":5096,"comment_status":"open","ping_status":"open","sticky":false,"template":"","format":"standard","meta":{"footnotes":""},"categories":[5],"tags":[],"class_list":["post-5095","post","type-post","status-publish","format-standard","has-post-thumbnail","hentry","category-actualidad-limarina"],"_links":{"self":[{"href":"https:\/\/www.radiolimari.cl\/index.php?rest_route=\/wp\/v2\/posts\/5095","targetHints":{"allow":["GET"]}}],"collection":[{"href":"https:\/\/www.radiolimari.cl\/index.php?rest_route=\/wp\/v2\/posts"}],"about":[{"href":"https:\/\/www.radiolimari.cl\/index.php?rest_route=\/wp\/v2\/types\/post"}],"author":[{"embeddable":true,"href":"https:\/\/www.radiolimari.cl\/index.php?rest_route=\/wp\/v2\/users\/2"}],"replies":[{"embeddable":true,"href":"https:\/\/www.radiolimari.cl\/index.php?rest_route=%2Fwp%2Fv2%2Fcomments&post=5095"}],"version-history":[{"count":1,"href":"https:\/\/www.radiolimari.cl\/index.php?rest_route=\/wp\/v2\/posts\/5095\/revisions"}],"predecessor-version":[{"id":5097,"href":"https:\/\/www.radiolimari.cl\/index.php?rest_route=\/wp\/v2\/posts\/5095\/revisions\/5097"}],"wp:featuredmedia":[{"embeddable":true,"href":"https:\/\/www.radiolimari.cl\/index.php?rest_route=\/wp\/v2\/media\/5096"}],"wp:attachment":[{"href":"https:\/\/www.radiolimari.cl\/index.php?rest_route=%2Fwp%2Fv2%2Fmedia&parent=5095"}],"wp:term":[{"taxonomy":"category","embeddable":true,"href":"https:\/\/www.radiolimari.cl\/index.php?rest_route=%2Fwp%2Fv2%2Fcategories&post=5095"},{"taxonomy":"post_tag","embeddable":true,"href":"https:\/\/www.radiolimari.cl\/index.php?rest_route=%2Fwp%2Fv2%2Ftags&post=5095"}],"curies":[{"name":"wp","href":"https:\/\/api.w.org\/{rel}","templated":true}]}}