{"id":5092,"date":"2021-05-25T17:58:11","date_gmt":"2021-05-25T17:58:11","guid":{"rendered":"http:\/\/www.radiolimari.cl\/?p=5092"},"modified":"2021-05-25T17:58:11","modified_gmt":"2021-05-25T17:58:11","slug":"se-pronostican-altas-temperaturas-y-viento-terral-para-valles-y-cordillera-de-la-region-de-coquimbo","status":"publish","type":"post","link":"https:\/\/www.radiolimari.cl\/?p=5092","title":{"rendered":"Se pronostican altas temperaturas y viento \u201cterral\u201d para valles y cordillera de la Regi\u00f3n de Coquimbo"},"content":{"rendered":"<p><a href=\"https:\/\/www.radiolimari.cl\/wp-content\/uploads\/2021\/05\/ceaza-2021.png\"><img fetchpriority=\"high\" decoding=\"async\" class=\"alignnone size-full wp-image-5093\" src=\"https:\/\/www.radiolimari.cl\/wp-content\/uploads\/2021\/05\/ceaza-2021.png\" alt=\"ceaza 2021\" width=\"294\" height=\"225\" \/><\/a><\/p>\n<p><span style=\"font-weight: 600; color: #000000;\">El \u00e1rea meteorol\u00f3gica del CEAZA pronostica\u00a0altas\u00a0temperaturas\u00a0para este\u00a0mi\u00e9rcoles\u00a026\u00a0de mayo, las que afectar\u00edan a los valles\u00a0y a la precordillera\u00a0de la Regi\u00f3n de Coquimbo,\u00a0con valores m\u00e1ximos en torno a los 33\u00ba C<\/span><!--more--><\/p>\n<p lang=\"es-MX\" style=\"font-weight: 600; color: #000000;\" align=\"justify\">A continuaci\u00f3n se detallan las temperaturas pronosticadas para los valles del secano costero, valles interiores y precordillera:<\/p>\n<p lang=\"es-MX\" style=\"font-weight: 600; color: #000000;\" align=\"justify\"><a style=\"font-weight: normal; color: #c5d000;\" href=\"http:\/\/www.ceaza.cl\/wp-content\/uploads\/2021\/05\/25.05-altas-t.png\"><img decoding=\"async\" class=\"wp-image-12802 aligncenter\" style=\"color: transparent;\" src=\"http:\/\/www.ceaza.cl\/wp-content\/uploads\/2021\/05\/25.05-altas-t.png\" alt=\"\" width=\"277\" height=\"225\" \/><\/a><\/p>\n<p lang=\"es-MX\" style=\"font-weight: 600; color: #000000;\" align=\"justify\">De acuerdo al Centro Cient\u00edfico CEAZA, las\u00a0altas temperaturas estar\u00e1n asociadas al desarrollo de la vaguada costera, lo que permitir\u00e1 que distintos lugares de la Regi\u00f3n registren viento \u201cterral\u201d, el que es un viento c\u00e1lido y seco del este (desde la cordillera) durante horas de la ma\u00f1ana.<\/p>\n<p lang=\"es-MX\" style=\"font-weight: 600; color: #000000;\" align=\"justify\"><strong style=\"font-weight: bold;\">Altas temperaturas y heladas: Una semana de contrastes<\/strong><\/p>\n<p lang=\"es-MX\" style=\"font-weight: 600; color: #000000;\" align=\"justify\">Seg\u00fan detalla Luis Mu\u00f1oz, meteor\u00f3logo del CEAZA, \u201clas altas temperaturas que se esperan para este mi\u00e9rcoles son poco frecuentes para la \u00e9poca y de acuerdo a los registros hist\u00f3ricos se suelen presentar entre 1 \u00f3 2 veces durante el mes de mayo. Adem\u00e1s, se espera una amplia oscilaci\u00f3n t\u00e9rmica con valores cercanos a los 30\u00b0 C de diferencia entre las m\u00ednimas y m\u00e1ximas, como por ejemplo en Monte Patria y el Palqui, se esperan 4\u00b0C de m\u00ednima y 33\u00b0C de m\u00e1xima. En Illapel y Huintil se registrar\u00e1n 27\u00b0C\u00a0 de oscilaci\u00f3n t\u00e9rmica, Huintil espera 2\u00b0C de m\u00ednima y 29\u00b0C de m\u00e1xima, Illapel por su parte 3\u00b0C de m\u00ednima y 30\u00b0C de m\u00e1xima\u201d.<\/p>\n<p lang=\"es-MX\" style=\"font-weight: 600; color: #000000;\" align=\"justify\">Mientras que las costas de la Regi\u00f3n de Coquimbo experimentar\u00e1n una oscilaci\u00f3n t\u00e9rmica menor. \u201cLas m\u00ednimas estar\u00e1n entre los 8\u00b0C y 11\u00b0C, mientras que las m\u00e1ximas se encontrar\u00e1n entre los 16\u00b0C y 20\u00b0C. La mayor amplitud t\u00e9rmica se registrar\u00e1 en La Serena, con 12\u00b0C y la menor amplitud la registrar\u00e1n Punta de Choros y Coquimbo con 7\u00b0C\u201d, indica el profesional del CEAZA.<\/p>\n<p lang=\"es-MX\" style=\"font-weight: 600; color: #000000;\" align=\"justify\">Para mayor detalle del pron\u00f3stico del tiempo en la Regi\u00f3n de Coquimbo recuerda visitar la p\u00e1gina web del laboratorio de Meteorolog\u00eda del CEAZA:\u00a0<a style=\"font-weight: normal; color: #c5d000;\" href=\"http:\/\/www.ceazamet.cl\/index.php?pag=mod_pronostico&amp;p_cod=ceazamet\">http:\/\/www.ceazamet.cl\/index.php?pag=mod_pronostico&amp;p_cod=ceazamet<\/a><\/p>\n","protected":false},"excerpt":{"rendered":"<p>El \u00e1rea meteorol\u00f3gica del CEAZA pronostica\u00a0altas\u00a0temperaturas\u00a0para este\u00a0mi\u00e9rcoles\u00a026\u00a0de mayo, las que afectar\u00edan a los valles\u00a0y a la precordillera\u00a0de la Regi\u00f3n de Coquimbo,\u00a0con valores m\u00e1ximos en torno a los 33\u00ba C<\/p>\n","protected":false},"author":2,"featured_media":5093,"comment_status":"open","ping_status":"open","sticky":false,"template":"","format":"standard","meta":{"footnotes":""},"categories":[3],"tags":[],"class_list":["post-5092","post","type-post","status-publish","format-standard","has-post-thumbnail","hentry","category-actualidad"],"_links":{"self":[{"href":"https:\/\/www.radiolimari.cl\/index.php?rest_route=\/wp\/v2\/posts\/5092","targetHints":{"allow":["GET"]}}],"collection":[{"href":"https:\/\/www.radiolimari.cl\/index.php?rest_route=\/wp\/v2\/posts"}],"about":[{"href":"https:\/\/www.radiolimari.cl\/index.php?rest_route=\/wp\/v2\/types\/post"}],"author":[{"embeddable":true,"href":"https:\/\/www.radiolimari.cl\/index.php?rest_route=\/wp\/v2\/users\/2"}],"replies":[{"embeddable":true,"href":"https:\/\/www.radiolimari.cl\/index.php?rest_route=%2Fwp%2Fv2%2Fcomments&post=5092"}],"version-history":[{"count":1,"href":"https:\/\/www.radiolimari.cl\/index.php?rest_route=\/wp\/v2\/posts\/5092\/revisions"}],"predecessor-version":[{"id":5094,"href":"https:\/\/www.radiolimari.cl\/index.php?rest_route=\/wp\/v2\/posts\/5092\/revisions\/5094"}],"wp:featuredmedia":[{"embeddable":true,"href":"https:\/\/www.radiolimari.cl\/index.php?rest_route=\/wp\/v2\/media\/5093"}],"wp:attachment":[{"href":"https:\/\/www.radiolimari.cl\/index.php?rest_route=%2Fwp%2Fv2%2Fmedia&parent=5092"}],"wp:term":[{"taxonomy":"category","embeddable":true,"href":"https:\/\/www.radiolimari.cl\/index.php?rest_route=%2Fwp%2Fv2%2Fcategories&post=5092"},{"taxonomy":"post_tag","embeddable":true,"href":"https:\/\/www.radiolimari.cl\/index.php?rest_route=%2Fwp%2Fv2%2Ftags&post=5092"}],"curies":[{"name":"wp","href":"https:\/\/api.w.org\/{rel}","templated":true}]}}