{"id":5086,"date":"2021-05-24T14:45:15","date_gmt":"2021-05-24T14:45:15","guid":{"rendered":"http:\/\/www.radiolimari.cl\/?p=5086"},"modified":"2021-05-24T14:45:15","modified_gmt":"2021-05-24T14:45:15","slug":"trabajar-para-reducir-las-brechas-de-genero-y-avanzar-en-paridad-fue-el-compromiso-de-la-primera-mesa-mujer-y-mineria-2021-region-de-coquimbo","status":"publish","type":"post","link":"https:\/\/www.radiolimari.cl\/?p=5086","title":{"rendered":"Trabajar para reducir las brechas    de g\u00e9nero y avanzar en paridad fue el compromiso de la   Primera Mesa Mujer y Miner\u00eda 2021 Regi\u00f3n de Coquimbo"},"content":{"rendered":"<p><a href=\"https:\/\/www.radiolimari.cl\/wp-content\/uploads\/2021\/05\/24.5-Seremi-sernameg.jpg\"><img fetchpriority=\"high\" decoding=\"async\" class=\"alignnone size-medium wp-image-5087\" src=\"https:\/\/www.radiolimari.cl\/wp-content\/uploads\/2021\/05\/24.5-Seremi-sernameg-300x225.jpg\" alt=\"24.5 Seremi sernameg\" width=\"300\" height=\"225\" srcset=\"https:\/\/www.radiolimari.cl\/wp-content\/uploads\/2021\/05\/24.5-Seremi-sernameg-300x225.jpg 300w, https:\/\/www.radiolimari.cl\/wp-content\/uploads\/2021\/05\/24.5-Seremi-sernameg-1024x768.jpg 1024w\" sizes=\"(max-width: 300px) 100vw, 300px\" \/><\/a><\/p>\n<p>Dentro de esta iniciativa participan empresas mineras como Compa\u00f1\u00eda Minera Los Pelambres, Compa\u00f1\u00eda Minera Teck Carmen de Andacollo, Enami, Minera San Ger\u00f3nimo, Compa\u00f1\u00eda Minera del Pac\u00edfico, Minera Tres Valles, Minera Cruz Limitada, Enami y RIM.<!--more--><\/p>\n<p>Los efectos de la pandemia han afectado en todos los \u00e1mbitos de vida y en consecuencia destapado nuevas dificultades sociales, esto fue uno de los temas centrales de la Primera Mesa Mujer y Miner\u00eda de la Regi\u00f3n de Coquimbo. Autoridades regionales, compa\u00f1\u00edas mineras y vinculados al a\u00e9rea de la educaci\u00f3n, plantearon los principales desaf\u00edos que presenta la mesa p\u00fablica y privada para la gesti\u00f3n 2021, focalizada en resolver los problemas que tiene el g\u00e9nero femenino en la industria minera.<\/p>\n<p>La actividad cont\u00f3 con la participaci\u00f3n de la Seremi de la Mujer y Equidad de G\u00e9nero, Iv\u00f3n Guerra; su par de Miner\u00eda, Emilio Lazo; quienes aprovecharon la oportunidad de agradecer el profundo trabajo realizado el a\u00f1o 2020 e hicieron un llamado en impulsar nuevas iniciativas que promuevan una inserci\u00f3n de las mujeres en la industria, adem\u00e1s de la promoci\u00f3n de igualdad de g\u00e9nero, erradicando brechas existentes, por lo que permitir\u00e1 avanzar en medidas concretas para elevar la presencia de mujeres en el sector y acercarse a mejores pr\u00e1cticas para hacer de la miner\u00eda una actividad m\u00e1s inclusiva.<\/p>\n<p>La reuni\u00f3n cont\u00f3 con la presentaci\u00f3n y an\u00e1lisis de las gestiones realizadas el a\u00f1o pasado por los participantes de la mesa a trav\u00e9s del programa \u201cPor Mi, Por Ti, Por Todas\u201d dise\u00f1ado por Red por la Equidad de G\u00e9nero (RED EG) y ejecutado por los participantes de la Mesa y Fundaci\u00f3n RIM Red de Ingenieras de Mina de Chile. La segunda etapa se plante\u00f3 las nuevas necesidades surgidas producto de la pandemia y se abri\u00f3 la instancia de di\u00e1logo para dise\u00f1ar el Plan de trabajo 2021, que fuese en ayuda para subsanar estos requerimientos, tales como las dificultades para j\u00f3venes en encontrar pr\u00e1cticas de liceos t\u00e9cnicos- profesionales o fortalecer las competencias a la hora de la b\u00fasqueda laboral. Por su parte, las Compa\u00f1\u00edas de la regi\u00f3n se mostraron colaborativas respecto a generar iniciativas que promuevan el desarrollo profesional.<\/p>\n<p>Al respecto el Seremi de Miner\u00eda, Emilio Lazo se\u00f1al\u00f3 que <em>\u201cHaremos todos los esfuerzos para incentivar la equidad de g\u00e9nero en la industria, los estamos realizando con acciones concreta mediante esta Mesa de Trabajo, donde entre todos los participantes nos potenciaremos, y generaremos un Plan de acci\u00f3n robusto para el a\u00f1o 2021. Realizamos un primer levantamiento de problem\u00e1ticas, como el efecto pandemia en el sistema. Estamos convencidos que con voluntad, como hemos sido testigo hoy, se puede generar la instancia de coordinaci\u00f3n y gesti\u00f3n para promover el desarrollo igualitario entre hombre y mujeres\u201d\u00a0 <\/em><\/p>\n<p>Por su parte, la secretaria regional Ministerial de la Mujer y la Equidad de G\u00e9nero, Iv\u00f3n Guerra resalt\u00f3 la importancia de avanzar en hechos concretos,<em> \u201cdesde que asum\u00ed como seremi hemos sostenido un trabajo sistem\u00e1tico e integral en la Mesa. Agradezco el compromiso de todas las partes involucradas. Esperamos este a\u00f1o avanzar en hechos concretos que beneficien directamente a las mujeres, como m\u00e1s capacitaci\u00f3n o inserci\u00f3n laboral femenina. Nuestro Gobierno y Ministerio tiene como hoja de ruta equiparar la cancha en materia d equidad y paridad y este eje es fundamental\u201d.<\/em><\/p>\n<p><em>\u201cEstamos muy contentos como ChileValora de poder participar de esta Mesa, Mujer y Miner\u00eda, dado que nosotros tenemos un rol fundamental de poder reconocer de manera formal las competencias laborales de los trabajadores (\u2026) ponemos a disposici\u00f3n todas las herramientas que tenemos a disposici\u00f3n\u201d <\/em>finaliz\u00f3 el encargado Regional de la Comisi\u00f3n Nacional de Certificaciones de Competencias Laborales Chile Valora, Juan Catal\u00e1n.<\/p>\n<p>&nbsp;<\/p>\n","protected":false},"excerpt":{"rendered":"<p>Dentro de esta iniciativa participan empresas mineras como Compa\u00f1\u00eda Minera Los Pelambres, Compa\u00f1\u00eda Minera Teck Carmen de Andacollo, Enami, Minera San Ger\u00f3nimo, Compa\u00f1\u00eda Minera del Pac\u00edfico, Minera Tres Valles, Minera Cruz Limitada, Enami y RIM.<\/p>\n","protected":false},"author":2,"featured_media":5087,"comment_status":"open","ping_status":"open","sticky":false,"template":"","format":"standard","meta":{"footnotes":""},"categories":[3],"tags":[],"class_list":["post-5086","post","type-post","status-publish","format-standard","has-post-thumbnail","hentry","category-actualidad"],"_links":{"self":[{"href":"https:\/\/www.radiolimari.cl\/index.php?rest_route=\/wp\/v2\/posts\/5086","targetHints":{"allow":["GET"]}}],"collection":[{"href":"https:\/\/www.radiolimari.cl\/index.php?rest_route=\/wp\/v2\/posts"}],"about":[{"href":"https:\/\/www.radiolimari.cl\/index.php?rest_route=\/wp\/v2\/types\/post"}],"author":[{"embeddable":true,"href":"https:\/\/www.radiolimari.cl\/index.php?rest_route=\/wp\/v2\/users\/2"}],"replies":[{"embeddable":true,"href":"https:\/\/www.radiolimari.cl\/index.php?rest_route=%2Fwp%2Fv2%2Fcomments&post=5086"}],"version-history":[{"count":1,"href":"https:\/\/www.radiolimari.cl\/index.php?rest_route=\/wp\/v2\/posts\/5086\/revisions"}],"predecessor-version":[{"id":5088,"href":"https:\/\/www.radiolimari.cl\/index.php?rest_route=\/wp\/v2\/posts\/5086\/revisions\/5088"}],"wp:featuredmedia":[{"embeddable":true,"href":"https:\/\/www.radiolimari.cl\/index.php?rest_route=\/wp\/v2\/media\/5087"}],"wp:attachment":[{"href":"https:\/\/www.radiolimari.cl\/index.php?rest_route=%2Fwp%2Fv2%2Fmedia&parent=5086"}],"wp:term":[{"taxonomy":"category","embeddable":true,"href":"https:\/\/www.radiolimari.cl\/index.php?rest_route=%2Fwp%2Fv2%2Fcategories&post=5086"},{"taxonomy":"post_tag","embeddable":true,"href":"https:\/\/www.radiolimari.cl\/index.php?rest_route=%2Fwp%2Fv2%2Ftags&post=5086"}],"curies":[{"name":"wp","href":"https:\/\/api.w.org\/{rel}","templated":true}]}}