{"id":5083,"date":"2021-05-24T14:36:19","date_gmt":"2021-05-24T14:36:19","guid":{"rendered":"http:\/\/www.radiolimari.cl\/?p=5083"},"modified":"2021-05-24T14:36:19","modified_gmt":"2021-05-24T14:36:19","slug":"programa-crecer-en-movimiento-del-mindep-ind-inicia-sus-talleres","status":"publish","type":"post","link":"https:\/\/www.radiolimari.cl\/?p=5083","title":{"rendered":"PROGRAMA CRECER EN MOVIMIENTO DEL MINDEP \u2013 IND INICIA  SUS TALLERES"},"content":{"rendered":"<p><a href=\"https:\/\/www.radiolimari.cl\/wp-content\/uploads\/2021\/05\/24.4-deportes-capacitaci\u00f3n.jpeg\"><img decoding=\"async\" class=\"alignnone size-medium wp-image-5084\" src=\"https:\/\/www.radiolimari.cl\/wp-content\/uploads\/2021\/05\/24.4-deportes-capacitaci\u00f3n-300x144.jpeg\" alt=\"24.4 deportes capacitaci\u00f3n\" width=\"300\" height=\"144\" srcset=\"https:\/\/www.radiolimari.cl\/wp-content\/uploads\/2021\/05\/24.4-deportes-capacitaci\u00f3n-300x144.jpeg 300w, https:\/\/www.radiolimari.cl\/wp-content\/uploads\/2021\/05\/24.4-deportes-capacitaci\u00f3n-1024x493.jpeg 1024w, https:\/\/www.radiolimari.cl\/wp-content\/uploads\/2021\/05\/24.4-deportes-capacitaci\u00f3n.jpeg 1140w\" sizes=\"(max-width: 300px) 100vw, 300px\" \/><\/a><\/p>\n<p><span style=\"color: #222222;\">Con jornadas \u00a0de \u00a0capacitaci\u00f3n virtual, \u00a0a Profesores y Profesoras, \u00a0el Mindep e IND se comenz\u00f3 el trabajo del Programa Formativo \u201cCrecer en Movimiento\u201d.<\/span><!--more--><\/p>\n<div style=\"color: #222222;\">Con la presencia \u00a0virtual de Profesores y Profesoras, \u00a0 el Ministerio de Deportes y el Instituto Nacional \u00a0de Deportes, \u00a0iniciaron \u00a0el \u00a0Programa Formativo \u201cCrecer en Movimiento\u201d, \u00a0que est\u00e1 formado por un conjunto de actividades formativas, \u00a0deportivas \u00a0y recreativas, orientados a ni\u00f1os, ni\u00f1as \u00a0y j\u00f3venes de la educaci\u00f3n preescolar, b\u00e1sica y media, \u00a0las que se realizar\u00e1n de manera presencial en las comunas, \u00a0que lo permita el Plan Paso a Paso y de manera virtual, \u00a0a trav\u00e9s de c\u00e1psulas grabadas en video, en aquellas comunas que permanezcan en fase uno o dos, \u00a0el programa se ejecutar\u00e1, por siete meses en toda la regi\u00f3n.<\/p>\n<p>En su saludo inicial de la jornada, \u00a0el Seremi de Deportes Juan Carlos Fritis, agradeci\u00f3 la voluntad y el esfuerzo de todos los responsables de ejecutar el Programa, \u201cEs \u00a0s\u00faper importante para nosotros, \u00a0generar esta instancias, \u00a0porque esta capacitaci\u00f3n del \u00a0Programa \u201cCrecer en Movimiento \u00a0va a interactuar \u00a0con un grupo, \u00a0 que para nosotros es prioritario, como son los ni\u00f1os, ni\u00f1as y j\u00f3venes. Por tanto ustedes tienen una labor muy \u00a0importante, \u00a0que nos permitir\u00e1 ir retomando la actividad f\u00edsica y deportiva, \u00a0en \u00a0ellos, as\u00ed evitamos el sedentarismo y damos algunos pasos en la creaci\u00f3n de h\u00e1bitos, \u00a0por pr\u00e1ctica de \u00a0actividad f\u00edsica\u201d.<\/p>\n<p>En esta etapa de inducci\u00f3n, tambi\u00e9n se entregaron las \u00a0indicaciones y se analizaron los protocolos entregados por \u00a0la Autoridad Sanitaria y los validados de manera espec\u00edfica por \u00a0Mindep \u2013 IND, para el desarrollo de cada una de las actividades y talleres, \u00a0que se realizar\u00e1n de manera presencial, en las comunas que as\u00ed lo permita, \u00a0el Plan Paso a Paso, contando con el aforo permitido, el espacio sanitario deportivo, el uso de mascarilla y la hidrataci\u00f3n individual, entre otros, \u00a0para las comunas en cuarentena se dise\u00f1aron c\u00e1psulas en video \u00a0con actividades, las que ser\u00e1n entregadas por las distintas plataformas de las redes sociales del Mindep \u2013IND.<\/p>\n<p>El Programa Formativo \u00a0\u201cCrecer en Movimiento\u201d, \u00a0iniciar\u00e1 sus talleres a partir de este lunes , se divide en tres grandes \u00e1reas \u201cJugar y Aprender\u201d, se ejecuta en los niveles medios y de transici\u00f3n de la Educaci\u00f3n Parvularia, y tiene por objetivo que las ni\u00f1as y ni\u00f1os (2 a 6 a\u00f1os) aumenten la pr\u00e1ctica sistem\u00e1tica de actividad f\u00edsica y deporte a trav\u00e9s del juego y la exploraci\u00f3n, permitiendo el desarrollo motriz integral, la segunda \u00e1rea \u00a0\u201cDel Juego al Deporte\u201d pretende que ni\u00f1as, ni\u00f1os y adolescentes ( 7 y 11 a\u00f1os), \u00a0 potencien habilidades motoras y condicionantes y lo acerquen \u00a0al conocimiento \u00a0de fundamentos y reglas de alg\u00fan deporte y \u00a0\u201cLas Escuelas de Elecci\u00f3n Deportiva, tiene por objetivo que ni\u00f1as, ni\u00f1os y adolescentes de segundo ciclo b\u00e1sico y ense\u00f1anza media, se integren a la pr\u00e1ctica permanente del alg\u00fan deporte de su elecci\u00f3n.<span style=\"color: #888888;\"><br \/>\n<\/span><\/div>\n<p><span style=\"color: #888888;\">&#8212;<\/span><\/p>\n","protected":false},"excerpt":{"rendered":"<p>Con jornadas \u00a0de \u00a0capacitaci\u00f3n virtual, \u00a0a Profesores y Profesoras, \u00a0el Mindep e IND se comenz\u00f3 el trabajo del Programa Formativo \u201cCrecer en Movimiento\u201d.<\/p>\n","protected":false},"author":2,"featured_media":5084,"comment_status":"open","ping_status":"open","sticky":false,"template":"","format":"standard","meta":{"footnotes":""},"categories":[6],"tags":[],"class_list":["post-5083","post","type-post","status-publish","format-standard","has-post-thumbnail","hentry","category-regionales"],"_links":{"self":[{"href":"https:\/\/www.radiolimari.cl\/index.php?rest_route=\/wp\/v2\/posts\/5083","targetHints":{"allow":["GET"]}}],"collection":[{"href":"https:\/\/www.radiolimari.cl\/index.php?rest_route=\/wp\/v2\/posts"}],"about":[{"href":"https:\/\/www.radiolimari.cl\/index.php?rest_route=\/wp\/v2\/types\/post"}],"author":[{"embeddable":true,"href":"https:\/\/www.radiolimari.cl\/index.php?rest_route=\/wp\/v2\/users\/2"}],"replies":[{"embeddable":true,"href":"https:\/\/www.radiolimari.cl\/index.php?rest_route=%2Fwp%2Fv2%2Fcomments&post=5083"}],"version-history":[{"count":1,"href":"https:\/\/www.radiolimari.cl\/index.php?rest_route=\/wp\/v2\/posts\/5083\/revisions"}],"predecessor-version":[{"id":5085,"href":"https:\/\/www.radiolimari.cl\/index.php?rest_route=\/wp\/v2\/posts\/5083\/revisions\/5085"}],"wp:featuredmedia":[{"embeddable":true,"href":"https:\/\/www.radiolimari.cl\/index.php?rest_route=\/wp\/v2\/media\/5084"}],"wp:attachment":[{"href":"https:\/\/www.radiolimari.cl\/index.php?rest_route=%2Fwp%2Fv2%2Fmedia&parent=5083"}],"wp:term":[{"taxonomy":"category","embeddable":true,"href":"https:\/\/www.radiolimari.cl\/index.php?rest_route=%2Fwp%2Fv2%2Fcategories&post=5083"},{"taxonomy":"post_tag","embeddable":true,"href":"https:\/\/www.radiolimari.cl\/index.php?rest_route=%2Fwp%2Fv2%2Ftags&post=5083"}],"curies":[{"name":"wp","href":"https:\/\/api.w.org\/{rel}","templated":true}]}}