{"id":5080,"date":"2021-05-24T14:13:53","date_gmt":"2021-05-24T14:13:53","guid":{"rendered":"http:\/\/www.radiolimari.cl\/?p=5080"},"modified":"2021-05-24T14:13:53","modified_gmt":"2021-05-24T14:13:53","slug":"1200-esterilizaciones-gratuitas-se-han-realizado-en-la-provincia-de-limari","status":"publish","type":"post","link":"https:\/\/www.radiolimari.cl\/?p=5080","title":{"rendered":"1200 esterilizaciones gratuitas se han realizado en la provincia de Limar\u00ed"},"content":{"rendered":"<p><a href=\"https:\/\/www.radiolimari.cl\/wp-content\/uploads\/2021\/05\/24.5-operativos-esterilizacion-1.jpeg\"><img fetchpriority=\"high\" decoding=\"async\" class=\"alignnone size-medium wp-image-5081\" src=\"https:\/\/www.radiolimari.cl\/wp-content\/uploads\/2021\/05\/24.5-operativos-esterilizacion-1-300x224.jpeg\" alt=\"24.5 operativos esterilizacion (1)\" width=\"300\" height=\"224\" srcset=\"https:\/\/www.radiolimari.cl\/wp-content\/uploads\/2021\/05\/24.5-operativos-esterilizacion-1-300x224.jpeg 300w, https:\/\/www.radiolimari.cl\/wp-content\/uploads\/2021\/05\/24.5-operativos-esterilizacion-1-1024x766.jpeg 1024w, https:\/\/www.radiolimari.cl\/wp-content\/uploads\/2021\/05\/24.5-operativos-esterilizacion-1.jpeg 1280w\" sizes=\"(max-width: 300px) 100vw, 300px\" \/><\/a><\/p>\n<p><strong><em>Programa de esterilizaci\u00f3n de mascotas ejecutado por gobernaci\u00f3n de Limar\u00ed ha sido muy valorado por la comunidad.<\/em><\/strong><!--more--><\/p>\n<p>1200 Esterilizaciones gratuitas con una atenci\u00f3n integral que adem\u00e1s incluye chipeo e inscripci\u00f3n en el registro nacional de mascotas se realizaron a trav\u00e9s del \u201cPrograma de Esterilizaci\u00f3n de Mascotas\u201d de la Gobernaci\u00f3n de Limar\u00ed en convenio con la Subsecretar\u00eda de Desarrollo Regional (SUBDERE), con amplio despliegue en terreo que lleg\u00f3 a las localidades interiores de las cinco comunas de la provincia de Limar\u00ed.<\/p>\n<p>\u201cHa sido un proceso muy exitoso, donde hemos observado el compromiso de las personas con la Tenencia Responsable de Mascotas, que contribuye enormemente a mejorar la calidad de vida de todos. Destacar adem\u00e1s el trabajo de los profesionales del equipo veterinario y nuestro equipo de Gobierno en Terreno, quienes se han coordinado de excelente manera para realizar estas atenciones, llegando a localidades muy alejadas y que nunca hab\u00edan tenido acceso a este tipo de servicios\u201d, se\u00f1al\u00f3 el gobernador de Limar\u00ed Iv\u00e1n Espinoza.<\/p>\n<p>Por su parte, Pablo Reyes el profesional veterinario que ha encabezado el proceso de esterilizaci\u00f3n gratuito en la provincia de Limar\u00ed, se\u00f1ala al respecto que \u201cLa Tenencia Responsable de Mascotas es uno de los principales puntos de inter\u00e9s y de mayor demanda de la ciudadan\u00eda, nos sentimos muy satisfechos porque hemos recorrido hasta los pueblos m\u00e1s alejados de la provincia con un servicio que la gente necesita mucho para que sus mascotas no se reproduzcan indiscriminadamente. No es lo mismo para una se\u00f1ora alimentar una gatita que tener que alimentar diez\u201d.<\/p>\n<p>Este operativo se ha realizado de manera in\u00e9dita en Limar\u00ed, siendo Gobernaci\u00f3n de Limar\u00ed quien realiz\u00f3 las gestiones para traer estos operativos que se espera poder replicar. Este programa ha sido ejecutado durante seis meses desde diciembre de 2020 y hasta mayo donde se ha cumplido con la meta establecida y se espera poder replicar nuevamente.<\/p>\n","protected":false},"excerpt":{"rendered":"<p>Programa de esterilizaci\u00f3n de mascotas ejecutado por gobernaci\u00f3n de Limar\u00ed ha sido muy valorado por la comunidad.<\/p>\n","protected":false},"author":2,"featured_media":5081,"comment_status":"open","ping_status":"open","sticky":false,"template":"","format":"standard","meta":{"footnotes":""},"categories":[5],"tags":[],"class_list":["post-5080","post","type-post","status-publish","format-standard","has-post-thumbnail","hentry","category-actualidad-limarina"],"_links":{"self":[{"href":"https:\/\/www.radiolimari.cl\/index.php?rest_route=\/wp\/v2\/posts\/5080","targetHints":{"allow":["GET"]}}],"collection":[{"href":"https:\/\/www.radiolimari.cl\/index.php?rest_route=\/wp\/v2\/posts"}],"about":[{"href":"https:\/\/www.radiolimari.cl\/index.php?rest_route=\/wp\/v2\/types\/post"}],"author":[{"embeddable":true,"href":"https:\/\/www.radiolimari.cl\/index.php?rest_route=\/wp\/v2\/users\/2"}],"replies":[{"embeddable":true,"href":"https:\/\/www.radiolimari.cl\/index.php?rest_route=%2Fwp%2Fv2%2Fcomments&post=5080"}],"version-history":[{"count":1,"href":"https:\/\/www.radiolimari.cl\/index.php?rest_route=\/wp\/v2\/posts\/5080\/revisions"}],"predecessor-version":[{"id":5082,"href":"https:\/\/www.radiolimari.cl\/index.php?rest_route=\/wp\/v2\/posts\/5080\/revisions\/5082"}],"wp:featuredmedia":[{"embeddable":true,"href":"https:\/\/www.radiolimari.cl\/index.php?rest_route=\/wp\/v2\/media\/5081"}],"wp:attachment":[{"href":"https:\/\/www.radiolimari.cl\/index.php?rest_route=%2Fwp%2Fv2%2Fmedia&parent=5080"}],"wp:term":[{"taxonomy":"category","embeddable":true,"href":"https:\/\/www.radiolimari.cl\/index.php?rest_route=%2Fwp%2Fv2%2Fcategories&post=5080"},{"taxonomy":"post_tag","embeddable":true,"href":"https:\/\/www.radiolimari.cl\/index.php?rest_route=%2Fwp%2Fv2%2Ftags&post=5080"}],"curies":[{"name":"wp","href":"https:\/\/api.w.org\/{rel}","templated":true}]}}