{"id":5074,"date":"2021-05-20T20:44:22","date_gmt":"2021-05-20T20:44:22","guid":{"rendered":"http:\/\/www.radiolimari.cl\/?p=5074"},"modified":"2021-05-20T20:44:22","modified_gmt":"2021-05-20T20:44:22","slug":"mas-de-200-familias-de-la-serena-reciben-las-llaves-de-su-casa-propia","status":"publish","type":"post","link":"https:\/\/www.radiolimari.cl\/?p=5074","title":{"rendered":"M\u00e1s de 200 familias de La Serena reciben las llaves de su casa propia"},"content":{"rendered":"<p><a href=\"https:\/\/www.radiolimari.cl\/wp-content\/uploads\/2021\/05\/20.5-casa-en-la-serena.jpeg\"><img decoding=\"async\" class=\"alignnone size-medium wp-image-5075\" src=\"https:\/\/www.radiolimari.cl\/wp-content\/uploads\/2021\/05\/20.5-casa-en-la-serena-300x135.jpeg\" alt=\"20.5 casa en la serena\" width=\"300\" height=\"135\" srcset=\"https:\/\/www.radiolimari.cl\/wp-content\/uploads\/2021\/05\/20.5-casa-en-la-serena-300x135.jpeg 300w, https:\/\/www.radiolimari.cl\/wp-content\/uploads\/2021\/05\/20.5-casa-en-la-serena-1024x460.jpeg 1024w, https:\/\/www.radiolimari.cl\/wp-content\/uploads\/2021\/05\/20.5-casa-en-la-serena.jpeg 1280w\" sizes=\"(max-width: 300px) 100vw, 300px\" \/><\/a><\/p>\n<p><strong><em>Los vecinos componen el proyecto habitacional \u201cAlto Oriente I\u201d en Las Compa\u00f1\u00edas, iniciativa ejecutada por el Ministerio de Vivienda y Urbanismo por 6.300 millones de pesos<\/em><\/strong><!--more--><\/p>\n<p>Entre 6 a 8 a\u00f1os de arduo trabajo. Una larga espera para concretar el sue\u00f1o de la vivienda definitiva de 249 familias de la comuna de La Serena que depositaron su esfuerzo en el proyecto \u201cAlto Oriente I\u201d.<\/p>\n<p>&nbsp;<\/p>\n<p>Ana G\u00e1lvez, una de las beneficiadas, se\u00f1al\u00f3 que <strong>\u201caqu\u00ed hubo mucho trabajo. Fue un largo proceso, todos los socios est\u00e1n felices porque dejar\u00e1n de pagar arriendos, de vivir de allegados. Ahora har\u00e1n lo que quieran en sus casas\u201d<\/strong>.<\/p>\n<p>&nbsp;<\/p>\n<p>Esta iniciativa fue desarrollada por el Ministerio de Vivienda y Urbanismo, beneficiando a dos comit\u00e9s: Los Copihues y Cumbres La Serena compuestos, mayormente, por mujeres del sector de Las Compa\u00f1\u00edas.<\/p>\n<p>&nbsp;<\/p>\n<p>Se trata de viviendas de dos pisos, con posibilidad de ampliaci\u00f3n, pensadas para la comodidad de adultos mayores y de personas con discapacidad.<\/p>\n<p>&nbsp;<\/p>\n<p>Para el Intendente de Coquimbo, Pablo Herman, <strong>\u201cestas casas hoy se convierten en hogares. Hay esfuerzos muy grandes de las familias las que ahora construir\u00e1n sus vidas. Con esto estamos entregando dignidad a estas personas concretando un derecho como es el acceso a la familia. Estamos trabajando para concretar otros proyectos, como Caleta San Pedro, San Sebasti\u00e1n en Ovalle, y Tahuinco y Chuchi\u00f1i en Choapa\u201d<\/strong>.<\/p>\n<p>&nbsp;<\/p>\n<p>Mensaje que reforz\u00f3 el Ministro Felipe Ward, quien acot\u00f3 que <strong>\u201cvamos a seguir trabajando para que muchas familias en Chile, puedan cumplir con lo que est\u00e1n cumpliendo estas 249 familias. Porque tener su vivienda les cambia la vida a las familias para siempre\u201d<\/strong>.<\/p>\n<p>&nbsp;<\/p>\n<p>En total, la inversi\u00f3n del MINVU alcanz\u00f3 los 6.300 millones de pesos para concretar un megaproyecto emplazado en un entorno con \u00e1reas verdes y una amplia plaza de juegos, una de ellas bautizada con el nombre de Hern\u00e1n Pizarro, reconocimiento p\u00f3stumo al ex Seremi de Vivienda que acompa\u00f1\u00f3 todo el proceso junto a los vecinos.<\/p>\n<p>&nbsp;<\/p>\n<p><strong>\u201c\u00c9l nos apoy\u00f3 siempre, nunca nos dej\u00f3 de lado. Lo extra\u00f1amos harto. Su apoyo permiti\u00f3 cumplir el sue\u00f1o para la gente\u201d<\/strong>, dijo Patricia Conzue, Presidenta del Comit\u00e9 Los Copihues.<\/p>\n<p>&nbsp;<\/p>\n<p>Mientras que el Seremi de Vivienda, Abel Espinoza acot\u00f3 que <strong>\u201cestas son viviendas sociales que queremos seguir construyendo. Pero ac\u00e1 hay que reconocer el compromiso de las familias para llevar adelante estos proyectos\u201d<\/strong>.<\/p>\n<p>&nbsp;<\/p>\n<p>Asimismo, el Alcalde de La Serena, Roberto Jacob, destac\u00f3 que <strong>\u201cver la emoci\u00f3n de la gente conmueve, porque ellos tuvieron una larga lucha. Este es un lugar muy c\u00f3modo, con buena vista y viviendas dignas, d\u00f3nde no pagar\u00e1n nada y podr\u00e1n desarrollarse las familias\u201d<\/strong>.<\/p>\n<p>&nbsp;<\/p>\n<p>Este proyecto se suma a los ya construidos por el MINVU en La Serena, tales como Bicentenario I, II y III, Alto Oriente II y el Ensue\u00f1o del Olivar, los que suman un total de 1.323 soluciones habitacionales destinadas a las familias m\u00e1s vulnerables de la capital regional.<\/p>\n","protected":false},"excerpt":{"rendered":"<p>Los vecinos componen el proyecto habitacional \u201cAlto Oriente I\u201d en Las Compa\u00f1\u00edas, iniciativa ejecutada por el Ministerio de Vivienda y Urbanismo por 6.300 millones de pesos<\/p>\n","protected":false},"author":2,"featured_media":5075,"comment_status":"open","ping_status":"open","sticky":false,"template":"","format":"standard","meta":{"footnotes":""},"categories":[6],"tags":[],"class_list":["post-5074","post","type-post","status-publish","format-standard","has-post-thumbnail","hentry","category-regionales"],"_links":{"self":[{"href":"https:\/\/www.radiolimari.cl\/index.php?rest_route=\/wp\/v2\/posts\/5074","targetHints":{"allow":["GET"]}}],"collection":[{"href":"https:\/\/www.radiolimari.cl\/index.php?rest_route=\/wp\/v2\/posts"}],"about":[{"href":"https:\/\/www.radiolimari.cl\/index.php?rest_route=\/wp\/v2\/types\/post"}],"author":[{"embeddable":true,"href":"https:\/\/www.radiolimari.cl\/index.php?rest_route=\/wp\/v2\/users\/2"}],"replies":[{"embeddable":true,"href":"https:\/\/www.radiolimari.cl\/index.php?rest_route=%2Fwp%2Fv2%2Fcomments&post=5074"}],"version-history":[{"count":1,"href":"https:\/\/www.radiolimari.cl\/index.php?rest_route=\/wp\/v2\/posts\/5074\/revisions"}],"predecessor-version":[{"id":5076,"href":"https:\/\/www.radiolimari.cl\/index.php?rest_route=\/wp\/v2\/posts\/5074\/revisions\/5076"}],"wp:featuredmedia":[{"embeddable":true,"href":"https:\/\/www.radiolimari.cl\/index.php?rest_route=\/wp\/v2\/media\/5075"}],"wp:attachment":[{"href":"https:\/\/www.radiolimari.cl\/index.php?rest_route=%2Fwp%2Fv2%2Fmedia&parent=5074"}],"wp:term":[{"taxonomy":"category","embeddable":true,"href":"https:\/\/www.radiolimari.cl\/index.php?rest_route=%2Fwp%2Fv2%2Fcategories&post=5074"},{"taxonomy":"post_tag","embeddable":true,"href":"https:\/\/www.radiolimari.cl\/index.php?rest_route=%2Fwp%2Fv2%2Ftags&post=5074"}],"curies":[{"name":"wp","href":"https:\/\/api.w.org\/{rel}","templated":true}]}}