{"id":5072,"date":"2021-05-20T19:44:03","date_gmt":"2021-05-20T19:44:03","guid":{"rendered":"http:\/\/www.radiolimari.cl\/?p=5072"},"modified":"2021-05-20T19:44:03","modified_gmt":"2021-05-20T19:44:03","slug":"heladas-seran-mas-extremas-y-se-extenderan-hasta-el-domingo-en-la-region-de-coquimbo","status":"publish","type":"post","link":"https:\/\/www.radiolimari.cl\/?p=5072","title":{"rendered":"Heladas ser\u00e1n m\u00e1s extremas y se extender\u00e1n hasta el domingo en la Regi\u00f3n de Coquimbo"},"content":{"rendered":"<p><a href=\"https:\/\/www.radiolimari.cl\/wp-content\/uploads\/2021\/04\/ceaza-2021.png\"><img fetchpriority=\"high\" decoding=\"async\" class=\"alignnone size-full wp-image-4904\" src=\"https:\/\/www.radiolimari.cl\/wp-content\/uploads\/2021\/04\/ceaza-2021.png\" alt=\"ceaza 2021\" width=\"294\" height=\"225\" \/><\/a><\/p>\n<p><span style=\"font-weight: 600; color: #000000;\">Durante el s\u00e1bado 22 de mayo se registrar\u00edan heladas\u00a0en los valles\u00a0del secano costero\u00a0de las provincias de Limar\u00ed y de Choapa\u00a0y en los valles intermedios y en las zonas precordilleranas por debajo de los 1.000 metros de\u00a0toda\u00a0la Regi\u00f3n de Coquimbo.<\/span><!--more--><\/p>\n<p lang=\"es-MX\" style=\"font-weight: 600; color: #000000;\" align=\"justify\">El Centro Cient\u00edfico CEAZA ya hab\u00eda pronosticado heladas para este s\u00e1bado en la Regi\u00f3n de Coquimbo.<\/p>\n<p lang=\"es-MX\" style=\"font-weight: 600; color: #000000;\" align=\"justify\">Sin embargo, dicho pron\u00f3stico fue actualizado ya que de acuerdo al an\u00e1lisis que realizan desde el Centro, las heladas se manifestar\u00e1n\u00a0durante el s\u00e1bado 22 y domingo 23 de mayo, y no s\u00f3lo el s\u00e1bado como se hab\u00eda anunciado.<\/p>\n<p lang=\"es-MX\" style=\"font-weight: 600; color: #000000;\" align=\"justify\">Asimismo, las temperaturas ser\u00e1n m\u00e1s bajas de lo previsto. A continuaci\u00f3n se detallan\u00a0las temperaturas:<\/p>\n<p lang=\"es-MX\" style=\"font-weight: 600; color: #000000;\" align=\"justify\"><a style=\"font-weight: normal; color: #c5d000;\" href=\"http:\/\/www.ceaza.cl\/wp-content\/uploads\/2021\/05\/descarga_actualizacion.png\"><img decoding=\"async\" class=\"wp-image-12783 aligncenter\" style=\"color: transparent;\" src=\"http:\/\/www.ceaza.cl\/wp-content\/uploads\/2021\/05\/descarga_actualizacion.png\" alt=\"\" width=\"351\" height=\"255\" \/><\/a><\/p>\n<p lang=\"es-MX\" style=\"font-weight: 600; color: #000000;\" align=\"justify\">De acuerdo a Luis Mu\u00f1oz, meteor\u00f3logo del CEAZA \u201cdurante el s\u00e1bado 22 de mayo se registrar\u00edan heladas\u00a0en los valles\u00a0del secano costero\u00a0de las provincias de Limar\u00ed y de Choapa\u00a0y en los valles intermedios y en las zonas precordilleranas por debajo de los 1.000 metros de\u00a0toda\u00a0la Regi\u00f3n de Coquimbo.<\/p>\n<p lang=\"es-MX\" style=\"font-weight: 600; color: #000000;\" align=\"justify\">Para el domingo 23 las bajas temperaturas y las heladas locales se volver\u00edan a registrar en los valles del secano costero de la provincia de Limar\u00ed y en los valles intermedios de la provincia de Choapa\u201d.<\/p>\n<p lang=\"es-MX\" style=\"font-weight: 600; color: #000000;\" align=\"justify\"><strong style=\"font-weight: bold;\">Tormentas el\u00e9ctricas<\/strong><\/p>\n<p lang=\"es-MX\" style=\"font-weight: 600; color: #000000;\" align=\"justify\">Asimismo, el pron\u00f3stico de tormentas el\u00e9ctricas\u00a0 que ocurrir\u00edan en la codillera este jueves 20 de mayo\u00a0se ampl\u00eda a los valles , de acuerdo al monitoreo de las condiciones meteorol\u00f3gicas que realiza el CEAZA.<\/p>\n<p>&nbsp;<\/p>\n","protected":false},"excerpt":{"rendered":"<p>Durante el s\u00e1bado 22 de mayo se registrar\u00edan heladas\u00a0en los valles\u00a0del secano costero\u00a0de las provincias de Limar\u00ed y de Choapa\u00a0y en los valles intermedios y en las zonas precordilleranas por debajo de los 1.000 metros de\u00a0toda\u00a0la Regi\u00f3n de Coquimbo.<\/p>\n","protected":false},"author":2,"featured_media":4904,"comment_status":"open","ping_status":"open","sticky":false,"template":"","format":"standard","meta":{"footnotes":""},"categories":[3],"tags":[],"class_list":["post-5072","post","type-post","status-publish","format-standard","has-post-thumbnail","hentry","category-actualidad"],"_links":{"self":[{"href":"https:\/\/www.radiolimari.cl\/index.php?rest_route=\/wp\/v2\/posts\/5072","targetHints":{"allow":["GET"]}}],"collection":[{"href":"https:\/\/www.radiolimari.cl\/index.php?rest_route=\/wp\/v2\/posts"}],"about":[{"href":"https:\/\/www.radiolimari.cl\/index.php?rest_route=\/wp\/v2\/types\/post"}],"author":[{"embeddable":true,"href":"https:\/\/www.radiolimari.cl\/index.php?rest_route=\/wp\/v2\/users\/2"}],"replies":[{"embeddable":true,"href":"https:\/\/www.radiolimari.cl\/index.php?rest_route=%2Fwp%2Fv2%2Fcomments&post=5072"}],"version-history":[{"count":1,"href":"https:\/\/www.radiolimari.cl\/index.php?rest_route=\/wp\/v2\/posts\/5072\/revisions"}],"predecessor-version":[{"id":5073,"href":"https:\/\/www.radiolimari.cl\/index.php?rest_route=\/wp\/v2\/posts\/5072\/revisions\/5073"}],"wp:featuredmedia":[{"embeddable":true,"href":"https:\/\/www.radiolimari.cl\/index.php?rest_route=\/wp\/v2\/media\/4904"}],"wp:attachment":[{"href":"https:\/\/www.radiolimari.cl\/index.php?rest_route=%2Fwp%2Fv2%2Fmedia&parent=5072"}],"wp:term":[{"taxonomy":"category","embeddable":true,"href":"https:\/\/www.radiolimari.cl\/index.php?rest_route=%2Fwp%2Fv2%2Fcategories&post=5072"},{"taxonomy":"post_tag","embeddable":true,"href":"https:\/\/www.radiolimari.cl\/index.php?rest_route=%2Fwp%2Fv2%2Ftags&post=5072"}],"curies":[{"name":"wp","href":"https:\/\/api.w.org\/{rel}","templated":true}]}}