{"id":5069,"date":"2021-05-20T19:17:21","date_gmt":"2021-05-20T19:17:21","guid":{"rendered":"http:\/\/www.radiolimari.cl\/?p=5069"},"modified":"2021-05-20T19:17:21","modified_gmt":"2021-05-20T19:17:21","slug":"comenzo-ruta-social-para-apoyar-a-personas-en-situacion-de-calle","status":"publish","type":"post","link":"https:\/\/www.radiolimari.cl\/?p=5069","title":{"rendered":"Comenz\u00f3 Ruta Social para apoyar a personas en situaci\u00f3n de calle"},"content":{"rendered":"<p><a href=\"https:\/\/www.radiolimari.cl\/wp-content\/uploads\/2021\/05\/20.5-SOCIAL-CALLE-COQUIMBO-1-min.jpg\"><img fetchpriority=\"high\" decoding=\"async\" class=\"alignnone size-medium wp-image-5070\" src=\"https:\/\/www.radiolimari.cl\/wp-content\/uploads\/2021\/05\/20.5-SOCIAL-CALLE-COQUIMBO-1-min-300x168.jpg\" alt=\"20.5 SOCIAL CALLE COQUIMBO (1)-min\" width=\"300\" height=\"168\" srcset=\"https:\/\/www.radiolimari.cl\/wp-content\/uploads\/2021\/05\/20.5-SOCIAL-CALLE-COQUIMBO-1-min-300x168.jpg 300w, https:\/\/www.radiolimari.cl\/wp-content\/uploads\/2021\/05\/20.5-SOCIAL-CALLE-COQUIMBO-1-min-1024x576.jpg 1024w\" sizes=\"(max-width: 300px) 100vw, 300px\" \/><\/a><\/p>\n<p><strong>Esta iniciativa forma parte del Plan Protege Calle 2021 del Ministerio de Desarrollo Social y Familia, que brinda atenci\u00f3n diariamente en alianza con entidades p\u00fablicas y privadas.\u00a0La Ruta Social se implementar\u00e1 en los pr\u00f3ximos d\u00edas en la comuna de Ovalle.<\/strong><!--more--><\/p>\n<p>Autoridades regionales junto a Carabineros lanzaron la Ruta Social en apoyo a personas en situaci\u00f3n de calle. Un dispositivo perteneciente al Plan Protege Calle 2021 como parte de la Red de Protecci\u00f3n Social del Gobierno, y que est\u00e1 destinado a \u00a0resguardar la vida y salud de aquellos que se encuentra en dicha condici\u00f3n con servicios oportunos, pertinentes y efectivos, mitigando los riesgos a los que est\u00e1n expuestos por el Covid-19, as\u00ed como tambi\u00e9n por las bajas temperaturas.<\/p>\n<p>Al respecto, la Ministra de Desarrollo Social y Familia, Karla Rubilar, destac\u00f3 que \u201cestamos hablando de un Plan Protege Calle completo, integral, reforzado, buscando que por supuesto,, sean prioritarias las personas en situaci\u00f3n de calle en medio de la pandemia. Hemos redoblado recursos, redoblado albergues y la preocupaci\u00f3n por las personas en situaci\u00f3n de calle mayores o con enfermedades cr\u00f3nicas. El programa de alimentaci\u00f3n con la Junaeb, que se hace con cari\u00f1o, con profesionalismo, permite llegar con esos alimentos, acompa\u00f1ados de abrigo a esas personas en situaci\u00f3n de calle\u201d.<\/p>\n<p>Por su parte, el Seremi de Desarrollo Social y Familia, Marcelo Telias, explic\u00f3 que \u201cno dejaremos solas a las personas en situaci\u00f3n de calle ante este crisis sanitaria, es por eso que estamos desplegados en terreno llegando con el apoyo a quienes est\u00e1n en situaci\u00f3n mayor vulnerabilidad, \u00a0entregando alimentaci\u00f3n, abrigo, art\u00edculos de higiene, de protecci\u00f3n personal e incluso vacunaci\u00f3n en los propios puntos donde pernoctan. Hemos encabezado una coordinaci\u00f3n con diferentes organismos para llegar con esta ayuda\u201d.<\/p>\n<p>Una de las personas que ha recibido el apoyo de la Ruta Social es Luciano Luna, quien agradeci\u00f3 el despliegue: \u201cPara nosotros es una satisfacci\u00f3n y una alegr\u00eda de todos los d\u00edas (\u2026) una ayuda que no tenemos de ninguna otra parte\u201d.<\/p>\n<p>Luciano es una las m\u00e1s de 500 personas en situaci\u00f3n de calle que viven en la Regi\u00f3n de Coquimbo seg\u00fan el Registro Social de Hogares. Ante esta situaci\u00f3n, los dispositivos del Plan Protege Calle se extender\u00e1n entre los por los meses abril y agosto de este a\u00f1o.<\/p>\n<p>Cabe destacar, que Carabineros tiene el rol de ejecutor de la Ruta Social atendiendo a 100 personas diarias en la conurbaci\u00f3n La Serena \u2013 Coquimbo. Labor que destaca el Mayor Marcelo Sandoval, Comisario de Coquimbo: \u201cDiariamente estamos con las personas en situaci\u00f3n de calle con la finalidad de apoyar y por supuesto entregar los respectivos kits de alimentaci\u00f3n y kits de aseo para cubrir sus necesidades de alimentaci\u00f3n e higiene\u201d.<\/p>\n<p>A su vez, el Diputado Francisco Eguiguren, quien acompa\u00f1\u00f3 la Ruta Social, recalc\u00f3 \u201cla preocupaci\u00f3n y cercan\u00eda con la gente, que de verdad entusiasma y emociona (\u2026) aqu\u00ed veo que hay una preocupaci\u00f3n integral\u201d.<\/p>\n<p>La Ruta Social se implementar\u00e1 en los pr\u00f3ximos d\u00edas en la comuna de Ovalle, y adem\u00e1s, de acuerdo a los pilares del Plan Protege Calle 2021,\u00a0 ya est\u00e1 funcionando un albergue en La Serena y otro en Coquimbo. Junto con lo anterior, se pondr\u00e1 a disposici\u00f3n otro albergue en la conurbaci\u00f3n y tambi\u00e9n uno en la capital de la Provincia de Limar\u00ed, sumando en total 4 recintos.<\/p>\n","protected":false},"excerpt":{"rendered":"<p>Esta iniciativa forma parte del Plan Protege Calle 2021 del Ministerio de Desarrollo Social y Familia, que brinda atenci\u00f3n diariamente en alianza con entidades p\u00fablicas y privadas.\u00a0La Ruta Social se implementar\u00e1 en los pr\u00f3ximos d\u00edas en la comuna de Ovalle.<\/p>\n","protected":false},"author":2,"featured_media":5070,"comment_status":"open","ping_status":"open","sticky":false,"template":"","format":"standard","meta":{"footnotes":""},"categories":[6],"tags":[],"class_list":["post-5069","post","type-post","status-publish","format-standard","has-post-thumbnail","hentry","category-regionales"],"_links":{"self":[{"href":"https:\/\/www.radiolimari.cl\/index.php?rest_route=\/wp\/v2\/posts\/5069","targetHints":{"allow":["GET"]}}],"collection":[{"href":"https:\/\/www.radiolimari.cl\/index.php?rest_route=\/wp\/v2\/posts"}],"about":[{"href":"https:\/\/www.radiolimari.cl\/index.php?rest_route=\/wp\/v2\/types\/post"}],"author":[{"embeddable":true,"href":"https:\/\/www.radiolimari.cl\/index.php?rest_route=\/wp\/v2\/users\/2"}],"replies":[{"embeddable":true,"href":"https:\/\/www.radiolimari.cl\/index.php?rest_route=%2Fwp%2Fv2%2Fcomments&post=5069"}],"version-history":[{"count":1,"href":"https:\/\/www.radiolimari.cl\/index.php?rest_route=\/wp\/v2\/posts\/5069\/revisions"}],"predecessor-version":[{"id":5071,"href":"https:\/\/www.radiolimari.cl\/index.php?rest_route=\/wp\/v2\/posts\/5069\/revisions\/5071"}],"wp:featuredmedia":[{"embeddable":true,"href":"https:\/\/www.radiolimari.cl\/index.php?rest_route=\/wp\/v2\/media\/5070"}],"wp:attachment":[{"href":"https:\/\/www.radiolimari.cl\/index.php?rest_route=%2Fwp%2Fv2%2Fmedia&parent=5069"}],"wp:term":[{"taxonomy":"category","embeddable":true,"href":"https:\/\/www.radiolimari.cl\/index.php?rest_route=%2Fwp%2Fv2%2Fcategories&post=5069"},{"taxonomy":"post_tag","embeddable":true,"href":"https:\/\/www.radiolimari.cl\/index.php?rest_route=%2Fwp%2Fv2%2Ftags&post=5069"}],"curies":[{"name":"wp","href":"https:\/\/api.w.org\/{rel}","templated":true}]}}